{"id":16204,"date":"2025-03-10T11:41:12","date_gmt":"2025-03-10T10:41:12","guid":{"rendered":"https:\/\/www.kelmis.be\/?p=16204"},"modified":"2025-03-10T11:41:12","modified_gmt":"2025-03-10T10:41:12","slug":"les-balancoires-pour-enfants-sont-echangees-sur-nos-plaines-de-jeux","status":"publish","type":"post","link":"https:\/\/www.kelmis.be\/fr\/actualite-dans-la-commune\/les-balancoires-pour-enfants-sont-echangees-sur-nos-plaines-de-jeux","title":{"rendered":"Les balan\u00e7oires pour enfants sont \u00e9chang\u00e9es sur nos plaines de jeux"},"content":{"rendered":"<p>Dans les prochains jours, les balan\u00e7oires pour enfants des aires de jeux de notre commune seront renouvel\u00e9es. Les employ\u00e9s du d\u00e9p\u00f4t communal sont actuellement en train de pr\u00e9parer les \u00e9quipements pour les travaux \u00e0 venir. L&rsquo;entreprise Idemaplay se chargera d&rsquo;installer les nouvelles balan\u00e7oires. Contrairement aux anciens \u00e9quipements en bois, les nouveaux objets sont fabriqu\u00e9s en acier inoxydable.<\/p>\n","protected":false},"excerpt":{"rendered":"Dans les prochains jours, les balan\u00e7oires pour enfants des aires de jeux de notre commune seront renouvel\u00e9es. Les employ\u00e9s du d\u00e9p\u00f4t communal sont actuellement en train de pr\u00e9parer les \u00e9quipements pour les travaux \u00e0 venir. L&rsquo;entreprise Idemaplay se chargera d&rsquo;installer les nouvelles balan\u00e7oires. Contrairement aux anciens \u00e9quipements en bois, les nouveaux objets sont fabriqu\u00e9s en [&hellip;]","protected":false},"author":2,"featured_media":16205,"comment_status":"closed","ping_status":"closed","sticky":false,"template":"","format":"standard","meta":{"_acf_changed":false,"footnotes":""},"categories":[70],"tags":[],"class_list":["post-16204","post","type-post","status-publish","format-standard","has-post-thumbnail","hentry","category-actualite-dans-la-commune"],"acf":[],"_links":{"self":[{"href":"https:\/\/www.kelmis.be\/fr\/wp-json\/wp\/v2\/posts\/16204","targetHints":{"allow":["GET"]}}],"collection":[{"href":"https:\/\/www.kelmis.be\/fr\/wp-json\/wp\/v2\/posts"}],"about":[{"href":"https:\/\/www.kelmis.be\/fr\/wp-json\/wp\/v2\/types\/post"}],"author":[{"embeddable":true,"href":"https:\/\/www.kelmis.be\/fr\/wp-json\/wp\/v2\/users\/2"}],"replies":[{"embeddable":true,"href":"https:\/\/www.kelmis.be\/fr\/wp-json\/wp\/v2\/comments?post=16204"}],"version-history":[{"count":1,"href":"https:\/\/www.kelmis.be\/fr\/wp-json\/wp\/v2\/posts\/16204\/revisions"}],"predecessor-version":[{"id":16206,"href":"https:\/\/www.kelmis.be\/fr\/wp-json\/wp\/v2\/posts\/16204\/revisions\/16206"}],"wp:featuredmedia":[{"embeddable":true,"href":"https:\/\/www.kelmis.be\/fr\/wp-json\/wp\/v2\/media\/16205"}],"wp:attachment":[{"href":"https:\/\/www.kelmis.be\/fr\/wp-json\/wp\/v2\/media?parent=16204"}],"wp:term":[{"taxonomy":"category","embeddable":true,"href":"https:\/\/www.kelmis.be\/fr\/wp-json\/wp\/v2\/categories?post=16204"},{"taxonomy":"post_tag","embeddable":true,"href":"https:\/\/www.kelmis.be\/fr\/wp-json\/wp\/v2\/tags?post=16204"}],"curies":[{"name":"wp","href":"https:\/\/api.w.org\/{rel}","templated":true}]}}