{"id":16131,"date":"2025-03-03T20:50:30","date_gmt":"2025-03-03T19:50:30","guid":{"rendered":"https:\/\/www.kelmis.be\/?p=16131"},"modified":"2025-03-03T20:50:30","modified_gmt":"2025-03-03T19:50:30","slug":"les-photos-du-cortege-du-lundi-des-roses","status":"publish","type":"post","link":"https:\/\/www.kelmis.be\/fr\/actualite-dans-la-commune\/les-photos-du-cortege-du-lundi-des-roses","title":{"rendered":"Les photos du cort\u00e8ge du Lundi des Roses"},"content":{"rendered":"<p>Aujourd&rsquo;hui a eu lieu le cort\u00e8ge du Lundi des Roses dans notre commune. Voici les photos d&rsquo;une tr\u00e8s belle journ\u00e9e.<\/p>\n","protected":false},"excerpt":{"rendered":"Aujourd&rsquo;hui a eu lieu le cort\u00e8ge du Lundi des Roses dans notre commune. Voici les photos d&rsquo;une tr\u00e8s belle journ\u00e9e.","protected":false},"author":2,"featured_media":16165,"comment_status":"closed","ping_status":"closed","sticky":false,"template":"","format":"standard","meta":{"_acf_changed":false,"footnotes":""},"categories":[70],"tags":[],"class_list":["post-16131","post","type-post","status-publish","format-standard","has-post-thumbnail","hentry","category-actualite-dans-la-commune"],"acf":[],"_links":{"self":[{"href":"https:\/\/www.kelmis.be\/fr\/wp-json\/wp\/v2\/posts\/16131","targetHints":{"allow":["GET"]}}],"collection":[{"href":"https:\/\/www.kelmis.be\/fr\/wp-json\/wp\/v2\/posts"}],"about":[{"href":"https:\/\/www.kelmis.be\/fr\/wp-json\/wp\/v2\/types\/post"}],"author":[{"embeddable":true,"href":"https:\/\/www.kelmis.be\/fr\/wp-json\/wp\/v2\/users\/2"}],"replies":[{"embeddable":true,"href":"https:\/\/www.kelmis.be\/fr\/wp-json\/wp\/v2\/comments?post=16131"}],"version-history":[{"count":1,"href":"https:\/\/www.kelmis.be\/fr\/wp-json\/wp\/v2\/posts\/16131\/revisions"}],"predecessor-version":[{"id":16183,"href":"https:\/\/www.kelmis.be\/fr\/wp-json\/wp\/v2\/posts\/16131\/revisions\/16183"}],"wp:featuredmedia":[{"embeddable":true,"href":"https:\/\/www.kelmis.be\/fr\/wp-json\/wp\/v2\/media\/16165"}],"wp:attachment":[{"href":"https:\/\/www.kelmis.be\/fr\/wp-json\/wp\/v2\/media?parent=16131"}],"wp:term":[{"taxonomy":"category","embeddable":true,"href":"https:\/\/www.kelmis.be\/fr\/wp-json\/wp\/v2\/categories?post=16131"},{"taxonomy":"post_tag","embeddable":true,"href":"https:\/\/www.kelmis.be\/fr\/wp-json\/wp\/v2\/tags?post=16131"}],"curies":[{"name":"wp","href":"https:\/\/api.w.org\/{rel}","templated":true}]}}