{"id":16068,"date":"2025-03-03T09:47:05","date_gmt":"2025-03-03T08:47:05","guid":{"rendered":"https:\/\/www.kelmis.be\/?p=16068"},"modified":"2025-03-03T10:17:25","modified_gmt":"2025-03-03T09:17:25","slug":"lundi-des-roses-rappel-du-parcours-du-cortege-adapte","status":"publish","type":"post","link":"https:\/\/www.kelmis.be\/fr\/actualite-dans-la-commune\/lundi-des-roses-rappel-du-parcours-du-cortege-adapte","title":{"rendered":"Lundi des Roses: rappel du parcours du cort\u00e8ge adapt\u00e9"},"content":{"rendered":"<p>Le cort\u00e8ge du Lundi des Roses d\u00e9butera \u00e0 12h30 dans notre commune. Apr\u00e8s l&rsquo;accident de bus survenu jeudi dernier dans la rue des Tilleuls, d\u00e9sormais ferm\u00e9e, le parcours est modifi\u00e9.<\/p>\n<p>Le parcours du cort\u00e8ge :<\/p>\n<p>Rue de Li\u00e8ge, rue de la Chapelle, rue Albert, rue du Patronage, rue de la Carri\u00e8re, rue Comouth, rue Moresnet (pause), rue Thim, rue de l&rsquo;\u00c9glise (maison communale, r\u00e9ception du cort\u00e8ge par le prince), rue de Li\u00e8ge, rue de la Chapelle, rue des Carabiniers, rue Neuve, Driesch, Heide, rue du Parc, rue du Patronage, Cit\u00e9 P. Kofferschl\u00e4ger.<\/p>\n<p>La dispersion du cort\u00e8ge du lundi des Roses se fera par la rue de la Chapelle.<\/p>\n<p>Vers 17h30 : br\u00fblage du K\u00fcsch<\/p>\n<p>Ensuite, carnaval de rue dans tous les caf\u00e9s et dans la salle du Patronage<\/p>\n<p>Le lundi des Roses, le centre du village est ferm\u00e9 de 10 \u00e0 18 heures.<\/p>\n<p>\ud83c\udd7f\ufe0fLes places de parking suivants sont accessibles aux spectateurs et spectatrices ce lundi :<\/p>\n<p>\u26abCoul (entr\u00e9e par le Krickelstein)<\/p>\n<p>\u26abLes parkings Action, Ex-Lidl et Aldi (rue de Li\u00e8ge) et au stade de football.<\/p>\n<p>\ud83d\ude8cLe lundi de carnaval, des navettes gratuites seront propos\u00e9es du parking de l&rsquo;\u00e9glise de Hergenrath vers La Calamine (arr\u00eat Cit\u00e9 Jansm\u00fchle) et du magasin de bricolage Kevers \u00e0 Lontzen vers La Calamine (arr\u00eat Select). Les trajets aller ont lieu de 10 \u00e0 13 heures et les trajets retour de 17 \u00e0 20.30 heures.<\/p>\n","protected":false},"excerpt":{"rendered":"Le cort\u00e8ge du Lundi des Roses d\u00e9butera \u00e0 12h30 dans notre commune. Apr\u00e8s l&rsquo;accident de bus survenu jeudi dernier dans la rue des Tilleuls, d\u00e9sormais ferm\u00e9e, le parcours est modifi\u00e9. Le parcours du cort\u00e8ge : Rue de Li\u00e8ge, rue de la Chapelle, rue Albert, rue du Patronage, rue de la Carri\u00e8re, rue Comouth, rue Moresnet [&hellip;]","protected":false},"author":2,"featured_media":16069,"comment_status":"closed","ping_status":"closed","sticky":false,"template":"","format":"standard","meta":{"_acf_changed":false,"footnotes":""},"categories":[70],"tags":[],"class_list":["post-16068","post","type-post","status-publish","format-standard","has-post-thumbnail","hentry","category-actualite-dans-la-commune"],"acf":[],"_links":{"self":[{"href":"https:\/\/www.kelmis.be\/fr\/wp-json\/wp\/v2\/posts\/16068","targetHints":{"allow":["GET"]}}],"collection":[{"href":"https:\/\/www.kelmis.be\/fr\/wp-json\/wp\/v2\/posts"}],"about":[{"href":"https:\/\/www.kelmis.be\/fr\/wp-json\/wp\/v2\/types\/post"}],"author":[{"embeddable":true,"href":"https:\/\/www.kelmis.be\/fr\/wp-json\/wp\/v2\/users\/2"}],"replies":[{"embeddable":true,"href":"https:\/\/www.kelmis.be\/fr\/wp-json\/wp\/v2\/comments?post=16068"}],"version-history":[{"count":3,"href":"https:\/\/www.kelmis.be\/fr\/wp-json\/wp\/v2\/posts\/16068\/revisions"}],"predecessor-version":[{"id":16075,"href":"https:\/\/www.kelmis.be\/fr\/wp-json\/wp\/v2\/posts\/16068\/revisions\/16075"}],"wp:featuredmedia":[{"embeddable":true,"href":"https:\/\/www.kelmis.be\/fr\/wp-json\/wp\/v2\/media\/16069"}],"wp:attachment":[{"href":"https:\/\/www.kelmis.be\/fr\/wp-json\/wp\/v2\/media?parent=16068"}],"wp:term":[{"taxonomy":"category","embeddable":true,"href":"https:\/\/www.kelmis.be\/fr\/wp-json\/wp\/v2\/categories?post=16068"},{"taxonomy":"post_tag","embeddable":true,"href":"https:\/\/www.kelmis.be\/fr\/wp-json\/wp\/v2\/tags?post=16068"}],"curies":[{"name":"wp","href":"https:\/\/api.w.org\/{rel}","templated":true}]}}