{"id":16061,"date":"2025-03-03T09:12:13","date_gmt":"2025-03-03T08:12:13","guid":{"rendered":"https:\/\/www.kelmis.be\/?p=16061"},"modified":"2025-03-03T15:48:01","modified_gmt":"2025-03-03T14:48:01","slug":"freddy-renier-president-du-nouveau-conseil-de-laction-sociale","status":"publish","type":"post","link":"https:\/\/www.kelmis.be\/fr\/actualite-dans-la-commune\/freddy-renier-president-du-nouveau-conseil-de-laction-sociale","title":{"rendered":"Freddy Renier pr\u00e9sident du nouveau Conseil de l&rsquo;action sociale"},"content":{"rendered":"<p>Le nouveau Conseil de l&rsquo;action sociale a \u00e9t\u00e9 mis en place ce matin. Il est pr\u00e9sid\u00e9 par Freddy Renier (cinqui\u00e8me, de droite \u00e0 gauche). Il succ\u00e8de \u00e0 Erwin Klinkenberg. Voici la liste des membres du nouveau Conseil de l&rsquo;action sociale : Freddy Renier, Jo\u00ebl M\u00fcllender, Ilona Beckers, Alain Klinkenberg, Chantal Aussems, Luc Frank, Dominique Dorr, Rachel Hansen et Janine Fryns.<\/p>\n","protected":false},"excerpt":{"rendered":"Le nouveau Conseil de l&rsquo;action sociale a \u00e9t\u00e9 mis en place ce matin. Il est pr\u00e9sid\u00e9 par Freddy Renier (cinqui\u00e8me, de droite \u00e0 gauche). Il succ\u00e8de \u00e0 Erwin Klinkenberg. Voici la liste des membres du nouveau Conseil de l&rsquo;action sociale : Freddy Renier, Jo\u00ebl M\u00fcllender, Ilona Beckers, Alain Klinkenberg, Chantal Aussems, Luc Frank, Dominique Dorr, [&hellip;]","protected":false},"author":2,"featured_media":16062,"comment_status":"closed","ping_status":"closed","sticky":false,"template":"","format":"standard","meta":{"_acf_changed":false,"footnotes":""},"categories":[70],"tags":[],"class_list":["post-16061","post","type-post","status-publish","format-standard","has-post-thumbnail","hentry","category-actualite-dans-la-commune"],"acf":[],"_links":{"self":[{"href":"https:\/\/www.kelmis.be\/fr\/wp-json\/wp\/v2\/posts\/16061","targetHints":{"allow":["GET"]}}],"collection":[{"href":"https:\/\/www.kelmis.be\/fr\/wp-json\/wp\/v2\/posts"}],"about":[{"href":"https:\/\/www.kelmis.be\/fr\/wp-json\/wp\/v2\/types\/post"}],"author":[{"embeddable":true,"href":"https:\/\/www.kelmis.be\/fr\/wp-json\/wp\/v2\/users\/2"}],"replies":[{"embeddable":true,"href":"https:\/\/www.kelmis.be\/fr\/wp-json\/wp\/v2\/comments?post=16061"}],"version-history":[{"count":2,"href":"https:\/\/www.kelmis.be\/fr\/wp-json\/wp\/v2\/posts\/16061\/revisions"}],"predecessor-version":[{"id":16077,"href":"https:\/\/www.kelmis.be\/fr\/wp-json\/wp\/v2\/posts\/16061\/revisions\/16077"}],"wp:featuredmedia":[{"embeddable":true,"href":"https:\/\/www.kelmis.be\/fr\/wp-json\/wp\/v2\/media\/16062"}],"wp:attachment":[{"href":"https:\/\/www.kelmis.be\/fr\/wp-json\/wp\/v2\/media?parent=16061"}],"wp:term":[{"taxonomy":"category","embeddable":true,"href":"https:\/\/www.kelmis.be\/fr\/wp-json\/wp\/v2\/categories?post=16061"},{"taxonomy":"post_tag","embeddable":true,"href":"https:\/\/www.kelmis.be\/fr\/wp-json\/wp\/v2\/tags?post=16061"}],"curies":[{"name":"wp","href":"https:\/\/api.w.org\/{rel}","templated":true}]}}