{"id":16014,"date":"2025-03-02T18:34:02","date_gmt":"2025-03-02T17:34:02","guid":{"rendered":"https:\/\/www.kelmis.be\/?p=16014"},"modified":"2025-03-02T18:37:30","modified_gmt":"2025-03-02T17:37:30","slug":"les-photos-du-cortege-traditionnel-ce-dimanche","status":"publish","type":"post","link":"https:\/\/www.kelmis.be\/fr\/non-classifiee\/les-photos-du-cortege-traditionnel-ce-dimanche","title":{"rendered":"Les photos du cort\u00e8ge traditionnel ce dimanche"},"content":{"rendered":"<p>Cet apr\u00e8s-midi a eu lieu le cort\u00e8ge traditionnel dans notre commune. Voici les photos.<\/p>\n","protected":false},"excerpt":{"rendered":"Cet apr\u00e8s-midi a eu lieu le cort\u00e8ge traditionnel dans notre commune. Voici les photos.","protected":false},"author":2,"featured_media":16056,"comment_status":"closed","ping_status":"closed","sticky":false,"template":"","format":"standard","meta":{"_acf_changed":false,"footnotes":""},"categories":[4],"tags":[],"class_list":["post-16014","post","type-post","status-publish","format-standard","has-post-thumbnail","hentry","category-non-classifiee"],"acf":[],"_links":{"self":[{"href":"https:\/\/www.kelmis.be\/fr\/wp-json\/wp\/v2\/posts\/16014","targetHints":{"allow":["GET"]}}],"collection":[{"href":"https:\/\/www.kelmis.be\/fr\/wp-json\/wp\/v2\/posts"}],"about":[{"href":"https:\/\/www.kelmis.be\/fr\/wp-json\/wp\/v2\/types\/post"}],"author":[{"embeddable":true,"href":"https:\/\/www.kelmis.be\/fr\/wp-json\/wp\/v2\/users\/2"}],"replies":[{"embeddable":true,"href":"https:\/\/www.kelmis.be\/fr\/wp-json\/wp\/v2\/comments?post=16014"}],"version-history":[{"count":1,"href":"https:\/\/www.kelmis.be\/fr\/wp-json\/wp\/v2\/posts\/16014\/revisions"}],"predecessor-version":[{"id":16057,"href":"https:\/\/www.kelmis.be\/fr\/wp-json\/wp\/v2\/posts\/16014\/revisions\/16057"}],"wp:featuredmedia":[{"embeddable":true,"href":"https:\/\/www.kelmis.be\/fr\/wp-json\/wp\/v2\/media\/16056"}],"wp:attachment":[{"href":"https:\/\/www.kelmis.be\/fr\/wp-json\/wp\/v2\/media?parent=16014"}],"wp:term":[{"taxonomy":"category","embeddable":true,"href":"https:\/\/www.kelmis.be\/fr\/wp-json\/wp\/v2\/categories?post=16014"},{"taxonomy":"post_tag","embeddable":true,"href":"https:\/\/www.kelmis.be\/fr\/wp-json\/wp\/v2\/tags?post=16014"}],"curies":[{"name":"wp","href":"https:\/\/api.w.org\/{rel}","templated":true}]}}