{"id":15968,"date":"2025-03-02T11:02:16","date_gmt":"2025-03-02T10:02:16","guid":{"rendered":"https:\/\/www.kelmis.be\/?p=15968"},"modified":"2025-03-02T11:07:59","modified_gmt":"2025-03-02T10:07:59","slug":"poursuite-de-lextension-du-reseau-de-fibre-optique-travaux-de-resa-a-la-rue-dastenet","status":"publish","type":"post","link":"https:\/\/www.kelmis.be\/fr\/actualite-dans-la-commune\/poursuite-de-lextension-du-reseau-de-fibre-optique-travaux-de-resa-a-la-rue-dastenet","title":{"rendered":"Poursuite de l&rsquo;extension du r\u00e9seau de fibre optique &#8211; Travaux de Resa \u00e0 la rue d&rsquo;Astenet"},"content":{"rendered":"<p>La semaine prochaine, l&rsquo;extension du r\u00e9seau de fibre optique se poursuivra \u00e0 partir de lundi sur la rue Altenberg entre le croisement avec le chemin d\u2019Emmaburg et le rond-point \u00e0 l&rsquo;entr\u00e9e du village. Les travaux se d\u00e9rouleront en priorit\u00e9 sur le trottoir devant l&rsquo;\u00e9cole communale et dureront environ une semaine. Cette date est due aux vacances scolaires afin de ne pas perturber la circulation autour de l&rsquo;\u00e9cole.<\/p>\n<p>Parall\u00e8lement, l&rsquo;intercommunale RESA proc\u00e8de \u00e0 partir de mardi \u00e0 des fouilles de sondage dans la rue d&rsquo;Astenet (de la sortie Hergenrath \u00e0 la cabine de gaz Kl\u00f6tershofweg). Il s&rsquo;agit de travaux pr\u00e9paratoires pour le renouvellement de la conduite de gaz dans la rue. Les travaux de renouvellement dureront jusqu&rsquo;en juin. Un syst\u00e8me de feux de signalisation sera mis en place.<\/p>\n","protected":false},"excerpt":{"rendered":"La semaine prochaine, l&rsquo;extension du r\u00e9seau de fibre optique se poursuivra \u00e0 partir de lundi sur la rue Altenberg entre le croisement avec le chemin d\u2019Emmaburg et le rond-point \u00e0 l&rsquo;entr\u00e9e du village. Les travaux se d\u00e9rouleront en priorit\u00e9 sur le trottoir devant l&rsquo;\u00e9cole communale et dureront environ une semaine. Cette date est due aux [&hellip;]","protected":false},"author":2,"featured_media":15969,"comment_status":"closed","ping_status":"closed","sticky":false,"template":"","format":"standard","meta":{"_acf_changed":false,"footnotes":""},"categories":[70],"tags":[],"class_list":["post-15968","post","type-post","status-publish","format-standard","has-post-thumbnail","hentry","category-actualite-dans-la-commune"],"acf":[],"_links":{"self":[{"href":"https:\/\/www.kelmis.be\/fr\/wp-json\/wp\/v2\/posts\/15968","targetHints":{"allow":["GET"]}}],"collection":[{"href":"https:\/\/www.kelmis.be\/fr\/wp-json\/wp\/v2\/posts"}],"about":[{"href":"https:\/\/www.kelmis.be\/fr\/wp-json\/wp\/v2\/types\/post"}],"author":[{"embeddable":true,"href":"https:\/\/www.kelmis.be\/fr\/wp-json\/wp\/v2\/users\/2"}],"replies":[{"embeddable":true,"href":"https:\/\/www.kelmis.be\/fr\/wp-json\/wp\/v2\/comments?post=15968"}],"version-history":[{"count":1,"href":"https:\/\/www.kelmis.be\/fr\/wp-json\/wp\/v2\/posts\/15968\/revisions"}],"predecessor-version":[{"id":15970,"href":"https:\/\/www.kelmis.be\/fr\/wp-json\/wp\/v2\/posts\/15968\/revisions\/15970"}],"wp:featuredmedia":[{"embeddable":true,"href":"https:\/\/www.kelmis.be\/fr\/wp-json\/wp\/v2\/media\/15969"}],"wp:attachment":[{"href":"https:\/\/www.kelmis.be\/fr\/wp-json\/wp\/v2\/media?parent=15968"}],"wp:term":[{"taxonomy":"category","embeddable":true,"href":"https:\/\/www.kelmis.be\/fr\/wp-json\/wp\/v2\/categories?post=15968"},{"taxonomy":"post_tag","embeddable":true,"href":"https:\/\/www.kelmis.be\/fr\/wp-json\/wp\/v2\/tags?post=15968"}],"curies":[{"name":"wp","href":"https:\/\/api.w.org\/{rel}","templated":true}]}}