{"id":15926,"date":"2025-03-01T18:55:49","date_gmt":"2025-03-01T17:55:49","guid":{"rendered":"https:\/\/www.kelmis.be\/?p=15926"},"modified":"2025-03-01T18:56:45","modified_gmt":"2025-03-01T17:56:45","slug":"les-photos-de-notre-cortege-des-enfants","status":"publish","type":"post","link":"https:\/\/www.kelmis.be\/fr\/actualite-dans-la-commune\/les-photos-de-notre-cortege-des-enfants","title":{"rendered":"Les photos de notre cort\u00e8ge des enfants"},"content":{"rendered":"<p>Cet apr\u00e8s-midi, le cort\u00e8ege des enfants a eu lieu dans notre commune. Pour finir, le K\u00fcsch des enfants a \u00e9t\u00e9 br\u00fbl\u00e9. Vous trouvez les les photos dans la galerie ci-dessous.<\/p>\n","protected":false},"excerpt":{"rendered":"Cet apr\u00e8s-midi, le cort\u00e8ege des enfants a eu lieu dans notre commune. Pour finir, le K\u00fcsch des enfants a \u00e9t\u00e9 br\u00fbl\u00e9. Vous trouvez les les photos dans la galerie ci-dessous.","protected":false},"author":2,"featured_media":15941,"comment_status":"closed","ping_status":"closed","sticky":false,"template":"","format":"standard","meta":{"_acf_changed":false,"footnotes":""},"categories":[70],"tags":[],"class_list":["post-15926","post","type-post","status-publish","format-standard","has-post-thumbnail","hentry","category-actualite-dans-la-commune"],"acf":[],"_links":{"self":[{"href":"https:\/\/www.kelmis.be\/fr\/wp-json\/wp\/v2\/posts\/15926","targetHints":{"allow":["GET"]}}],"collection":[{"href":"https:\/\/www.kelmis.be\/fr\/wp-json\/wp\/v2\/posts"}],"about":[{"href":"https:\/\/www.kelmis.be\/fr\/wp-json\/wp\/v2\/types\/post"}],"author":[{"embeddable":true,"href":"https:\/\/www.kelmis.be\/fr\/wp-json\/wp\/v2\/users\/2"}],"replies":[{"embeddable":true,"href":"https:\/\/www.kelmis.be\/fr\/wp-json\/wp\/v2\/comments?post=15926"}],"version-history":[{"count":1,"href":"https:\/\/www.kelmis.be\/fr\/wp-json\/wp\/v2\/posts\/15926\/revisions"}],"predecessor-version":[{"id":15964,"href":"https:\/\/www.kelmis.be\/fr\/wp-json\/wp\/v2\/posts\/15926\/revisions\/15964"}],"wp:featuredmedia":[{"embeddable":true,"href":"https:\/\/www.kelmis.be\/fr\/wp-json\/wp\/v2\/media\/15941"}],"wp:attachment":[{"href":"https:\/\/www.kelmis.be\/fr\/wp-json\/wp\/v2\/media?parent=15926"}],"wp:term":[{"taxonomy":"category","embeddable":true,"href":"https:\/\/www.kelmis.be\/fr\/wp-json\/wp\/v2\/categories?post=15926"},{"taxonomy":"post_tag","embeddable":true,"href":"https:\/\/www.kelmis.be\/fr\/wp-json\/wp\/v2\/tags?post=15926"}],"curies":[{"name":"wp","href":"https:\/\/api.w.org\/{rel}","templated":true}]}}