{"id":15881,"date":"2025-02-28T16:07:22","date_gmt":"2025-02-28T15:07:22","guid":{"rendered":"https:\/\/www.kelmis.be\/?p=15881"},"modified":"2025-03-01T18:50:09","modified_gmt":"2025-03-01T17:50:09","slug":"mesures-de-securite-et-deviation-du-cortege-du-lundi-des-roses","status":"publish","type":"post","link":"https:\/\/www.kelmis.be\/fr\/actualite-dans-la-commune\/mesures-de-securite-et-deviation-du-cortege-du-lundi-des-roses","title":{"rendered":"Mesures de s\u00e9curit\u00e9 et d\u00e9viation du cort\u00e8ge du Lundi des Roses"},"content":{"rendered":"<p>Le jeudi 27 f\u00e9vrier 2025, un accident s&rsquo;est produit dans la rue des Tilleuls \u00e0 La Calamine. Un autobus a percut\u00e9 la fa\u00e7ade du centre culturel Select, causant des dommages importants \u00e0 la structure du b\u00e2timent. Un ing\u00e9nieur en structure ainsi qu&rsquo;une entreprise de construction externe ont d\u00e9j\u00e0 renforc\u00e9 et s\u00e9curis\u00e9 certaines parties de la fa\u00e7ade.<\/p>\n<p>L&rsquo;ing\u00e9nieur a estim\u00e9 que les vibrations caus\u00e9es par le cort\u00e8ge de carnaval du Lundi des Roses repr\u00e9sentaient un risque \u00e9lev\u00e9 pour la stabilit\u00e9 du b\u00e2timent. C&rsquo;est pourquoi la commune, en concertation avec la police et les responsables du cort\u00e8ge du comit\u00e9 de carnaval de La Calamine (KKK), a pris la d\u00e9cision de mettre en place plusieurs mesures de s\u00e9curit\u00e9 :<\/p>\n<p><strong>Fermetures :<\/strong><\/p>\n<p>La rue des Tilleuls est ferm\u00e9e \u00e0 la circulation de l&rsquo;intersection de la rue de Li\u00e8ge (N3)\/rue des Tilleuls jusqu&rsquo;\u00e0 l&rsquo;intersection rue des Tilleuls\/rue de la Chapelle, et ce, jusqu&rsquo;\u00e0 nouvel ordre, pour des raisons de s\u00e9curit\u00e9. Cette mesure s&rsquo;applique \u00e0 l&rsquo;exception du trafic local. Seuls les habitants sont autoris\u00e9s \u00e0 circuler sur cette section de la rue.<\/p>\n<p>De plus, une fermeture a \u00e9t\u00e9 mise en place au niveau du centre culturel Select pour les v\u00e9hicules et les pi\u00e9tons, afin de s\u00e9curiser le chantier.<\/p>\n<p>Pour des raisons de s\u00e9curit\u00e9, l&rsquo;acc\u00e8s au centre culturel est temporairement interdit \u00e0 tous les visiteurs.<\/p>\n<p><strong>D\u00e9tournement du cort\u00e8ge de carnaval :<\/strong><\/p>\n<p>En raison des mesures de s\u00e9curit\u00e9 mentionn\u00e9es, le cort\u00e8ge de carnaval du Lundi des Roses sera d\u00e9vi\u00e9. Le nouveau parcours du cort\u00e8ge a \u00e9t\u00e9 \u00e9tabli en concertation avec le KKK comme suit :<\/p>\n<p>Parcours du cort\u00e8ge \u2013 D\u00e9part \u00e0 12h30<\/p>\n<p>Rue de Li\u00e8ge<\/p>\n<p>Rue de la Chapelle<\/p>\n<p>Rue Albert<\/p>\n<p>Rue du Patronage<\/p>\n<p>Rue de la Carri\u00e8re<\/p>\n<p>Comouth<\/p>\n<p>Rue de Moresnet (pause)<\/p>\n<p>Rue Thim<\/p>\n<p>Rue de l&rsquo;\u00c9glise<\/p>\n<p>Rue de Li\u00e8ge<\/p>\n<p>Rue de la Chapelle<\/p>\n<p>Rue des Carabiniers<\/p>\n<p>Rue Neuve<\/p>\n<p>Driesch<\/p>\n<p>Heide<\/p>\n<p>Rue du Parc<\/p>\n<p>Rue du Patronage<\/p>\n<p>Cit\u00e9 P. Kofferschl\u00e4ger<\/p>\n<p>&nbsp;<\/p>\n<p>Les spectateurs sont les bienvenus non seulement sur la rue de Li\u00e8ge, mais tout au long du parcours du cort\u00e8ge.<\/p>\n<p>La dissolution du cort\u00e8ge de carnaval se fera via la rue de la Chapelle. Tous les chars sont pri\u00e9s de circuler sans s&rsquo;arr\u00eater \u00e0 partir de l&rsquo;intersection de la Cit\u00e9 P. Kofferschl\u00e4ger\/rue de la Poste, et ce, sans interruption. Tous les carnavalistes sont vivement invit\u00e9s \u00e0 respecter ces consignes ainsi que les instructions des forces de s\u00e9curit\u00e9 et des organisateurs afin de garantir le bon d\u00e9roulement du cort\u00e8ge.<\/p>\n<p>La commune demande \u00e0 tous les usagers de la route de faire preuve de compr\u00e9hension et d&rsquo;attention en suivant les mesures de s\u00e9curit\u00e9. De plus, la commune tient \u00e0 remercier chaleureusement les forces de s\u00e9curit\u00e9, l&rsquo;entreprise de construction et l&rsquo;ing\u00e9nieur pour leur intervention professionnelle et rapide.<\/p>\n","protected":false},"excerpt":{"rendered":"Le jeudi 27 f\u00e9vrier 2025, un accident s&rsquo;est produit dans la rue des Tilleuls \u00e0 La Calamine. Un autobus a percut\u00e9 la fa\u00e7ade du centre culturel Select, causant des dommages importants \u00e0 la structure du b\u00e2timent. Un ing\u00e9nieur en structure ainsi qu&rsquo;une entreprise de construction externe ont d\u00e9j\u00e0 renforc\u00e9 et s\u00e9curis\u00e9 certaines parties de la [&hellip;]","protected":false},"author":2,"featured_media":15882,"comment_status":"closed","ping_status":"closed","sticky":false,"template":"","format":"standard","meta":{"_acf_changed":false,"footnotes":""},"categories":[70],"tags":[],"class_list":["post-15881","post","type-post","status-publish","format-standard","has-post-thumbnail","hentry","category-actualite-dans-la-commune"],"acf":[],"_links":{"self":[{"href":"https:\/\/www.kelmis.be\/fr\/wp-json\/wp\/v2\/posts\/15881","targetHints":{"allow":["GET"]}}],"collection":[{"href":"https:\/\/www.kelmis.be\/fr\/wp-json\/wp\/v2\/posts"}],"about":[{"href":"https:\/\/www.kelmis.be\/fr\/wp-json\/wp\/v2\/types\/post"}],"author":[{"embeddable":true,"href":"https:\/\/www.kelmis.be\/fr\/wp-json\/wp\/v2\/users\/2"}],"replies":[{"embeddable":true,"href":"https:\/\/www.kelmis.be\/fr\/wp-json\/wp\/v2\/comments?post=15881"}],"version-history":[{"count":4,"href":"https:\/\/www.kelmis.be\/fr\/wp-json\/wp\/v2\/posts\/15881\/revisions"}],"predecessor-version":[{"id":15886,"href":"https:\/\/www.kelmis.be\/fr\/wp-json\/wp\/v2\/posts\/15881\/revisions\/15886"}],"wp:featuredmedia":[{"embeddable":true,"href":"https:\/\/www.kelmis.be\/fr\/wp-json\/wp\/v2\/media\/15882"}],"wp:attachment":[{"href":"https:\/\/www.kelmis.be\/fr\/wp-json\/wp\/v2\/media?parent=15881"}],"wp:term":[{"taxonomy":"category","embeddable":true,"href":"https:\/\/www.kelmis.be\/fr\/wp-json\/wp\/v2\/categories?post=15881"},{"taxonomy":"post_tag","embeddable":true,"href":"https:\/\/www.kelmis.be\/fr\/wp-json\/wp\/v2\/tags?post=15881"}],"curies":[{"name":"wp","href":"https:\/\/api.w.org\/{rel}","templated":true}]}}