{"id":15870,"date":"2025-02-28T13:37:48","date_gmt":"2025-02-28T12:37:48","guid":{"rendered":"https:\/\/www.kelmis.be\/?p=15870"},"modified":"2025-02-28T13:37:48","modified_gmt":"2025-02-28T12:37:48","slug":"travaux-de-carrelage-termines-les-prochaines-etapes-a-la-piscine-communale","status":"publish","type":"post","link":"https:\/\/www.kelmis.be\/fr\/actualite-dans-la-commune\/travaux-de-carrelage-termines-les-prochaines-etapes-a-la-piscine-communale","title":{"rendered":"Travaux de carrelage termin\u00e9s &#8211; Les prochaines \u00e9tapes \u00e0 la piscine communale"},"content":{"rendered":"<p>Les travaux de carrelage du bassin sportif de notre piscine communale sont termin\u00e9s. L&rsquo;entreprise g\u00e9n\u00e9rale en charge avait \u00e9t\u00e9 somm\u00e9e par la justice d&rsquo;effectuer les travaux avant la fin f\u00e9vrier. Une premi\u00e8re r\u00e9ception provisoire a eu lieu. A cette occasion, une liste des d\u00e9fauts correspondants aux travaux r\u00e9alis\u00e9s a \u00e9t\u00e9 \u00e9tablie. Apr\u00e8s les r\u00e9parations effectu\u00e9es par l&rsquo;entrepreneur g\u00e9n\u00e9ral, le bassin sportif peut \u00eatre remis \u00e0 la R\u00e9gie communale autonome (RCA) Galmei.<\/p>\n<p>Apr\u00e8s la remise, la RCA demande \u00e0 la R\u00e9gion wallonne de confirmer que l&rsquo;\u00e9tat de la piscine est conforme aux exigences l\u00e9gales pour pouvoir rouvrir et de faire confirmer par son conseiller technique le bon fonctionnement de la piscine. \u00c0 l&rsquo;heure actuelle, nous ne pouvons donc pas encore communiquer de date pr\u00e9cise pour la r\u00e9ouverture.<\/p>\n<p>La proc\u00e9dure judiciaire est toujours en cours, ce qui pourrait vraisemblablement durer encore plusieurs ann\u00e9es. L&rsquo;expert judiciaire \u00e9value actuellement d&rsquo;autres d\u00e9fauts.<\/p>\n<p>Nous vous remercions de votre compr\u00e9hension et de votre patience. Notre objectif reste de vous offrir \u00e0 nouveau une piscine s\u00fbre et moderne !<\/p>\n<p>Nous vous tenons au courant.<\/p>\n","protected":false},"excerpt":{"rendered":"Les travaux de carrelage du bassin sportif de notre piscine communale sont termin\u00e9s. L&rsquo;entreprise g\u00e9n\u00e9rale en charge avait \u00e9t\u00e9 somm\u00e9e par la justice d&rsquo;effectuer les travaux avant la fin f\u00e9vrier. Une premi\u00e8re r\u00e9ception provisoire a eu lieu. A cette occasion, une liste des d\u00e9fauts correspondants aux travaux r\u00e9alis\u00e9s a \u00e9t\u00e9 \u00e9tablie. Apr\u00e8s les r\u00e9parations effectu\u00e9es [&hellip;]","protected":false},"author":2,"featured_media":15871,"comment_status":"closed","ping_status":"closed","sticky":false,"template":"","format":"standard","meta":{"_acf_changed":false,"footnotes":""},"categories":[70],"tags":[],"class_list":["post-15870","post","type-post","status-publish","format-standard","has-post-thumbnail","hentry","category-actualite-dans-la-commune"],"acf":[],"_links":{"self":[{"href":"https:\/\/www.kelmis.be\/fr\/wp-json\/wp\/v2\/posts\/15870","targetHints":{"allow":["GET"]}}],"collection":[{"href":"https:\/\/www.kelmis.be\/fr\/wp-json\/wp\/v2\/posts"}],"about":[{"href":"https:\/\/www.kelmis.be\/fr\/wp-json\/wp\/v2\/types\/post"}],"author":[{"embeddable":true,"href":"https:\/\/www.kelmis.be\/fr\/wp-json\/wp\/v2\/users\/2"}],"replies":[{"embeddable":true,"href":"https:\/\/www.kelmis.be\/fr\/wp-json\/wp\/v2\/comments?post=15870"}],"version-history":[{"count":1,"href":"https:\/\/www.kelmis.be\/fr\/wp-json\/wp\/v2\/posts\/15870\/revisions"}],"predecessor-version":[{"id":15872,"href":"https:\/\/www.kelmis.be\/fr\/wp-json\/wp\/v2\/posts\/15870\/revisions\/15872"}],"wp:featuredmedia":[{"embeddable":true,"href":"https:\/\/www.kelmis.be\/fr\/wp-json\/wp\/v2\/media\/15871"}],"wp:attachment":[{"href":"https:\/\/www.kelmis.be\/fr\/wp-json\/wp\/v2\/media?parent=15870"}],"wp:term":[{"taxonomy":"category","embeddable":true,"href":"https:\/\/www.kelmis.be\/fr\/wp-json\/wp\/v2\/categories?post=15870"},{"taxonomy":"post_tag","embeddable":true,"href":"https:\/\/www.kelmis.be\/fr\/wp-json\/wp\/v2\/tags?post=15870"}],"curies":[{"name":"wp","href":"https:\/\/api.w.org\/{rel}","templated":true}]}}