{"id":15807,"date":"2025-02-27T16:29:34","date_gmt":"2025-02-27T15:29:34","guid":{"rendered":"https:\/\/www.kelmis.be\/?p=15807"},"modified":"2025-02-27T16:29:34","modified_gmt":"2025-02-27T15:29:34","slug":"les-photos-du-cortege-des-vieilles-femmes","status":"publish","type":"post","link":"https:\/\/www.kelmis.be\/fr\/actualite-dans-la-commune\/les-photos-du-cortege-des-vieilles-femmes","title":{"rendered":"Les photos du cort\u00e8ge des Vieilles Femmes"},"content":{"rendered":"<p>Ce matin a eu lieu le cort\u00e8ge des Vieilles Femmes dans notre commune. Merci \u00e0 tous ceux et toutes celles qui ont jalonn\u00e9 le parcours et ont contribu\u00e9 \u00e0 une ambiance exceptionnelle. Bravo surtout aux nombreux enfants qui, accompagn\u00e9s de leurs enseignants et enseignantes, ont acclam\u00e9 les Vieilles Femmes.<\/p>\n","protected":false},"excerpt":{"rendered":"Ce matin a eu lieu le cort\u00e8ge des Vieilles Femmes dans notre commune. Merci \u00e0 tous ceux et toutes celles qui ont jalonn\u00e9 le parcours et ont contribu\u00e9 \u00e0 une ambiance exceptionnelle. Bravo surtout aux nombreux enfants qui, accompagn\u00e9s de leurs enseignants et enseignantes, ont acclam\u00e9 les Vieilles Femmes.","protected":false},"author":2,"featured_media":15827,"comment_status":"closed","ping_status":"closed","sticky":false,"template":"","format":"standard","meta":{"_acf_changed":false,"footnotes":""},"categories":[70],"tags":[],"class_list":["post-15807","post","type-post","status-publish","format-standard","has-post-thumbnail","hentry","category-actualite-dans-la-commune"],"acf":[],"_links":{"self":[{"href":"https:\/\/www.kelmis.be\/fr\/wp-json\/wp\/v2\/posts\/15807","targetHints":{"allow":["GET"]}}],"collection":[{"href":"https:\/\/www.kelmis.be\/fr\/wp-json\/wp\/v2\/posts"}],"about":[{"href":"https:\/\/www.kelmis.be\/fr\/wp-json\/wp\/v2\/types\/post"}],"author":[{"embeddable":true,"href":"https:\/\/www.kelmis.be\/fr\/wp-json\/wp\/v2\/users\/2"}],"replies":[{"embeddable":true,"href":"https:\/\/www.kelmis.be\/fr\/wp-json\/wp\/v2\/comments?post=15807"}],"version-history":[{"count":1,"href":"https:\/\/www.kelmis.be\/fr\/wp-json\/wp\/v2\/posts\/15807\/revisions"}],"predecessor-version":[{"id":15854,"href":"https:\/\/www.kelmis.be\/fr\/wp-json\/wp\/v2\/posts\/15807\/revisions\/15854"}],"wp:featuredmedia":[{"embeddable":true,"href":"https:\/\/www.kelmis.be\/fr\/wp-json\/wp\/v2\/media\/15827"}],"wp:attachment":[{"href":"https:\/\/www.kelmis.be\/fr\/wp-json\/wp\/v2\/media?parent=15807"}],"wp:term":[{"taxonomy":"category","embeddable":true,"href":"https:\/\/www.kelmis.be\/fr\/wp-json\/wp\/v2\/categories?post=15807"},{"taxonomy":"post_tag","embeddable":true,"href":"https:\/\/www.kelmis.be\/fr\/wp-json\/wp\/v2\/tags?post=15807"}],"curies":[{"name":"wp","href":"https:\/\/api.w.org\/{rel}","templated":true}]}}