{"id":15749,"date":"2025-02-26T09:52:59","date_gmt":"2025-02-26T08:52:59","guid":{"rendered":"https:\/\/www.kelmis.be\/?p=15749"},"modified":"2025-02-26T09:53:50","modified_gmt":"2025-02-26T08:53:50","slug":"le-conseil-communal-se-reunit-ce-soir-20-heures-4","status":"publish","type":"post","link":"https:\/\/www.kelmis.be\/fr\/depuis-la-maison-communale\/le-conseil-communal-se-reunit-ce-soir-20-heures-4","title":{"rendered":"Le conseil communal se r\u00e9unit ce soir (20 heures)"},"content":{"rendered":"<p>Notre conseil communal se r\u00e9unit ce soir (20 heures) dans la salle du conseil de la maison communale.\u00a0 La s\u00e9ance est retransmise en direct sur notre <strong><a href=\"https:\/\/youtube.com\/live\/exeEee8mVjM?feature=share\">cha\u00eene YouTube<\/a>. <\/strong>Vous trouvez l&rsquo;ordre du jour (en langue allemande) dans la zone de t\u00e9l\u00e9chargement.<\/p>\n","protected":false},"excerpt":{"rendered":"Notre conseil communal se r\u00e9unit ce soir (20 heures) dans la salle du conseil de la maison communale.\u00a0 La s\u00e9ance est retransmise en direct sur notre cha\u00eene YouTube. Vous trouvez l&rsquo;ordre du jour (en langue allemande) dans la zone de t\u00e9l\u00e9chargement.","protected":false},"author":2,"featured_media":15701,"comment_status":"closed","ping_status":"closed","sticky":false,"template":"","format":"standard","meta":{"_acf_changed":false,"footnotes":""},"categories":[71],"tags":[],"class_list":["post-15749","post","type-post","status-publish","format-standard","has-post-thumbnail","hentry","category-depuis-la-maison-communale"],"acf":[],"_links":{"self":[{"href":"https:\/\/www.kelmis.be\/fr\/wp-json\/wp\/v2\/posts\/15749","targetHints":{"allow":["GET"]}}],"collection":[{"href":"https:\/\/www.kelmis.be\/fr\/wp-json\/wp\/v2\/posts"}],"about":[{"href":"https:\/\/www.kelmis.be\/fr\/wp-json\/wp\/v2\/types\/post"}],"author":[{"embeddable":true,"href":"https:\/\/www.kelmis.be\/fr\/wp-json\/wp\/v2\/users\/2"}],"replies":[{"embeddable":true,"href":"https:\/\/www.kelmis.be\/fr\/wp-json\/wp\/v2\/comments?post=15749"}],"version-history":[{"count":1,"href":"https:\/\/www.kelmis.be\/fr\/wp-json\/wp\/v2\/posts\/15749\/revisions"}],"predecessor-version":[{"id":15750,"href":"https:\/\/www.kelmis.be\/fr\/wp-json\/wp\/v2\/posts\/15749\/revisions\/15750"}],"wp:featuredmedia":[{"embeddable":true,"href":"https:\/\/www.kelmis.be\/fr\/wp-json\/wp\/v2\/media\/15701"}],"wp:attachment":[{"href":"https:\/\/www.kelmis.be\/fr\/wp-json\/wp\/v2\/media?parent=15749"}],"wp:term":[{"taxonomy":"category","embeddable":true,"href":"https:\/\/www.kelmis.be\/fr\/wp-json\/wp\/v2\/categories?post=15749"},{"taxonomy":"post_tag","embeddable":true,"href":"https:\/\/www.kelmis.be\/fr\/wp-json\/wp\/v2\/tags?post=15749"}],"curies":[{"name":"wp","href":"https:\/\/api.w.org\/{rel}","templated":true}]}}