{"id":15726,"date":"2025-02-25T11:49:47","date_gmt":"2025-02-25T10:49:47","guid":{"rendered":"https:\/\/www.kelmis.be\/?p=15726"},"modified":"2025-02-26T09:16:05","modified_gmt":"2025-02-26T08:16:05","slug":"a-la-recherche-dune-nouvelle-ccatm","status":"publish","type":"post","link":"https:\/\/www.kelmis.be\/fr\/depuis-la-maison-communale\/a-la-recherche-dune-nouvelle-ccatm","title":{"rendered":"\u00c0 la recherche d\u2019une nouvelle CCATM"},"content":{"rendered":"<p>Une nouvelle commission consultative communale pour l&rsquo;am\u00e9nagement du territoire et la mobilit\u00e9 (CCATM) est constitu\u00e9e dans notre commune. Cela se fait tous les six ans pour la dur\u00e9e d&rsquo;une l\u00e9gislature. La commission est compos\u00e9e de citoyens et de membres du conseil communal. La commission donne des avis sur les projets de construction publics et priv\u00e9s. Les avis portent sur diff\u00e9rents domaines tels que l&rsquo;\u00e9nergie, l&rsquo;environnement, la mobilit\u00e9, etc. Si vous souhaitez vous engager, consultez la zone de t\u00e9l\u00e9chargement.<\/p>\n","protected":false},"excerpt":{"rendered":"Une nouvelle commission consultative communale pour l&rsquo;am\u00e9nagement du territoire et la mobilit\u00e9 (CCATM) est constitu\u00e9e dans notre commune. Cela se fait tous les six ans pour la dur\u00e9e d&rsquo;une l\u00e9gislature. La commission est compos\u00e9e de citoyens et de membres du conseil communal. La commission donne des avis sur les projets de construction publics et priv\u00e9s. [&hellip;]","protected":false},"author":2,"featured_media":15576,"comment_status":"closed","ping_status":"closed","sticky":false,"template":"","format":"standard","meta":{"_acf_changed":false,"footnotes":""},"categories":[71],"tags":[],"class_list":["post-15726","post","type-post","status-publish","format-standard","has-post-thumbnail","hentry","category-depuis-la-maison-communale"],"acf":[],"_links":{"self":[{"href":"https:\/\/www.kelmis.be\/fr\/wp-json\/wp\/v2\/posts\/15726","targetHints":{"allow":["GET"]}}],"collection":[{"href":"https:\/\/www.kelmis.be\/fr\/wp-json\/wp\/v2\/posts"}],"about":[{"href":"https:\/\/www.kelmis.be\/fr\/wp-json\/wp\/v2\/types\/post"}],"author":[{"embeddable":true,"href":"https:\/\/www.kelmis.be\/fr\/wp-json\/wp\/v2\/users\/2"}],"replies":[{"embeddable":true,"href":"https:\/\/www.kelmis.be\/fr\/wp-json\/wp\/v2\/comments?post=15726"}],"version-history":[{"count":2,"href":"https:\/\/www.kelmis.be\/fr\/wp-json\/wp\/v2\/posts\/15726\/revisions"}],"predecessor-version":[{"id":15740,"href":"https:\/\/www.kelmis.be\/fr\/wp-json\/wp\/v2\/posts\/15726\/revisions\/15740"}],"wp:featuredmedia":[{"embeddable":true,"href":"https:\/\/www.kelmis.be\/fr\/wp-json\/wp\/v2\/media\/15576"}],"wp:attachment":[{"href":"https:\/\/www.kelmis.be\/fr\/wp-json\/wp\/v2\/media?parent=15726"}],"wp:term":[{"taxonomy":"category","embeddable":true,"href":"https:\/\/www.kelmis.be\/fr\/wp-json\/wp\/v2\/categories?post=15726"},{"taxonomy":"post_tag","embeddable":true,"href":"https:\/\/www.kelmis.be\/fr\/wp-json\/wp\/v2\/tags?post=15726"}],"curies":[{"name":"wp","href":"https:\/\/api.w.org\/{rel}","templated":true}]}}