{"id":15712,"date":"2025-02-24T15:42:11","date_gmt":"2025-02-24T14:42:11","guid":{"rendered":"https:\/\/www.kelmis.be\/?p=15712"},"modified":"2025-02-24T15:42:11","modified_gmt":"2025-02-24T14:42:11","slug":"les-heures-douverture-durant-le-carnaval","status":"publish","type":"post","link":"https:\/\/www.kelmis.be\/fr\/depuis-la-maison-communale\/les-heures-douverture-durant-le-carnaval","title":{"rendered":"Les heures d&rsquo;ouverture durant le carnaval"},"content":{"rendered":"<p>Des membres du personnel de notre d\u00e9p\u00f4t communal ont d\u00e9cor\u00e9 aujourd&rsquo;hui la maison communale pour le carnaval.<\/p>\n<p>Nos services sont accessibles pendant les jours de carnaval, comme suit :<\/p>\n<p>jeudi 27 f\u00e9vrier : jusqu&rsquo;\u00e0 10h<\/p>\n<p>vendredi 28 f\u00e9vrier : jusqu&rsquo;\u00e0 12h30<\/p>\n<p>Lundi 3 mars : ferm\u00e9<\/p>\n<p>Mardi 4 mars : ferm\u00e9<\/p>\n<p>Mercredi 5 mars : heures d&rsquo;ouverture habituelles<\/p>\n","protected":false},"excerpt":{"rendered":"Des membres du personnel de notre d\u00e9p\u00f4t communal ont d\u00e9cor\u00e9 aujourd&rsquo;hui la maison communale pour le carnaval. Nos services sont accessibles pendant les jours de carnaval, comme suit : jeudi 27 f\u00e9vrier : jusqu&rsquo;\u00e0 10h vendredi 28 f\u00e9vrier : jusqu&rsquo;\u00e0 12h30 Lundi 3 mars : ferm\u00e9 Mardi 4 mars : ferm\u00e9 Mercredi 5 mars : [&hellip;]","protected":false},"author":2,"featured_media":15713,"comment_status":"closed","ping_status":"closed","sticky":false,"template":"","format":"standard","meta":{"_acf_changed":false,"footnotes":""},"categories":[71],"tags":[],"class_list":["post-15712","post","type-post","status-publish","format-standard","has-post-thumbnail","hentry","category-depuis-la-maison-communale"],"acf":[],"_links":{"self":[{"href":"https:\/\/www.kelmis.be\/fr\/wp-json\/wp\/v2\/posts\/15712","targetHints":{"allow":["GET"]}}],"collection":[{"href":"https:\/\/www.kelmis.be\/fr\/wp-json\/wp\/v2\/posts"}],"about":[{"href":"https:\/\/www.kelmis.be\/fr\/wp-json\/wp\/v2\/types\/post"}],"author":[{"embeddable":true,"href":"https:\/\/www.kelmis.be\/fr\/wp-json\/wp\/v2\/users\/2"}],"replies":[{"embeddable":true,"href":"https:\/\/www.kelmis.be\/fr\/wp-json\/wp\/v2\/comments?post=15712"}],"version-history":[{"count":1,"href":"https:\/\/www.kelmis.be\/fr\/wp-json\/wp\/v2\/posts\/15712\/revisions"}],"predecessor-version":[{"id":15714,"href":"https:\/\/www.kelmis.be\/fr\/wp-json\/wp\/v2\/posts\/15712\/revisions\/15714"}],"wp:featuredmedia":[{"embeddable":true,"href":"https:\/\/www.kelmis.be\/fr\/wp-json\/wp\/v2\/media\/15713"}],"wp:attachment":[{"href":"https:\/\/www.kelmis.be\/fr\/wp-json\/wp\/v2\/media?parent=15712"}],"wp:term":[{"taxonomy":"category","embeddable":true,"href":"https:\/\/www.kelmis.be\/fr\/wp-json\/wp\/v2\/categories?post=15712"},{"taxonomy":"post_tag","embeddable":true,"href":"https:\/\/www.kelmis.be\/fr\/wp-json\/wp\/v2\/tags?post=15712"}],"curies":[{"name":"wp","href":"https:\/\/api.w.org\/{rel}","templated":true}]}}