{"id":15700,"date":"2025-02-24T11:55:38","date_gmt":"2025-02-24T10:55:38","guid":{"rendered":"https:\/\/www.kelmis.be\/?p=15700"},"modified":"2025-02-24T11:59:37","modified_gmt":"2025-02-24T10:59:37","slug":"le-conseil-communal-se-reunit-des-a-present-le-mercredi","status":"publish","type":"post","link":"https:\/\/www.kelmis.be\/fr\/depuis-la-maison-communale\/le-conseil-communal-se-reunit-des-a-present-le-mercredi","title":{"rendered":"Le conseil communal se r\u00e9unit d\u00e8s \u00e0 pr\u00e9sent le mercredi"},"content":{"rendered":"<p>Notre conseil communal se r\u00e9unira d\u00e9sormais le mercredi (le dernier du mois) et non plus le lundi. La prochaine r\u00e9union aura lieu ce mercredi 26 f\u00e9vrier \u00e0 20 heures dans la salle de r\u00e9union de la maison communale. Les rendez-vous du conseil les prochains mois : 26 mars, 30 avril, 28 mai, 25 juin et 30 juillet.<\/p>\n","protected":false},"excerpt":{"rendered":"Notre conseil communal se r\u00e9unira d\u00e9sormais le mercredi (le dernier du mois) et non plus le lundi. La prochaine r\u00e9union aura lieu ce mercredi 26 f\u00e9vrier \u00e0 20 heures dans la salle de r\u00e9union de la maison communale. Les rendez-vous du conseil les prochains mois : 26 mars, 30 avril, 28 mai, 25 juin et [&hellip;]","protected":false},"author":2,"featured_media":15701,"comment_status":"closed","ping_status":"closed","sticky":false,"template":"","format":"standard","meta":{"_acf_changed":false,"footnotes":""},"categories":[71],"tags":[],"class_list":["post-15700","post","type-post","status-publish","format-standard","has-post-thumbnail","hentry","category-depuis-la-maison-communale"],"acf":[],"_links":{"self":[{"href":"https:\/\/www.kelmis.be\/fr\/wp-json\/wp\/v2\/posts\/15700","targetHints":{"allow":["GET"]}}],"collection":[{"href":"https:\/\/www.kelmis.be\/fr\/wp-json\/wp\/v2\/posts"}],"about":[{"href":"https:\/\/www.kelmis.be\/fr\/wp-json\/wp\/v2\/types\/post"}],"author":[{"embeddable":true,"href":"https:\/\/www.kelmis.be\/fr\/wp-json\/wp\/v2\/users\/2"}],"replies":[{"embeddable":true,"href":"https:\/\/www.kelmis.be\/fr\/wp-json\/wp\/v2\/comments?post=15700"}],"version-history":[{"count":3,"href":"https:\/\/www.kelmis.be\/fr\/wp-json\/wp\/v2\/posts\/15700\/revisions"}],"predecessor-version":[{"id":15704,"href":"https:\/\/www.kelmis.be\/fr\/wp-json\/wp\/v2\/posts\/15700\/revisions\/15704"}],"wp:featuredmedia":[{"embeddable":true,"href":"https:\/\/www.kelmis.be\/fr\/wp-json\/wp\/v2\/media\/15701"}],"wp:attachment":[{"href":"https:\/\/www.kelmis.be\/fr\/wp-json\/wp\/v2\/media?parent=15700"}],"wp:term":[{"taxonomy":"category","embeddable":true,"href":"https:\/\/www.kelmis.be\/fr\/wp-json\/wp\/v2\/categories?post=15700"},{"taxonomy":"post_tag","embeddable":true,"href":"https:\/\/www.kelmis.be\/fr\/wp-json\/wp\/v2\/tags?post=15700"}],"curies":[{"name":"wp","href":"https:\/\/api.w.org\/{rel}","templated":true}]}}