{"id":15692,"date":"2025-02-20T17:59:11","date_gmt":"2025-02-20T16:59:11","guid":{"rendered":"https:\/\/www.kelmis.be\/?p=15692"},"modified":"2025-02-20T18:00:18","modified_gmt":"2025-02-20T17:00:18","slug":"le-programme-des-jours-de-carnaval-dans-notre-commune","status":"publish","type":"post","link":"https:\/\/www.kelmis.be\/fr\/evenement\/le-programme-des-jours-de-carnaval-dans-notre-commune","title":{"rendered":"Le programme des jours de carnaval dans notre commune"},"content":{"rendered":"<p>Dans une semaine, le carnaval commence dans notre commune. Voici un bref aper\u00e7u de ce qui vous attend :<\/p>\n<p><strong>D\u00e9fil\u00e9 des vieilles femmes (jeudi 27 f\u00e9vrier)<\/strong><\/p>\n<ul>\n<li>10.11 h D\u00e9part du terrain de la Coul<\/li>\n<li>11h11 : remise des cl\u00e9s sous le chapiteau, place de l&rsquo;\u00c9glise<\/li>\n<li>12h30 : D\u00e9part place de l&rsquo;\u00c9glise en direction du d\u00e9p\u00f4t communal<\/li>\n<li>14h30 : D\u00e9part du d\u00e9p\u00f4t communal en direction du chapiteau<\/li>\n<li>15 h-17 h 30 : Spectacles sous le chapiteau<\/li>\n<li>Fin \u00e0 18 heures<\/li>\n<\/ul>\n<p>Ensuite, carnaval de rue dans tous le caf\u00e9s et dans la salle du Patronage<\/p>\n<p><strong>Cort\u00e8ge des enfants (samedi 1er mars)<\/strong><\/p>\n<ul>\n<li>13h30 : Messe<\/li>\n<li>Suivie de la remise des cl\u00e9s sous le chapiteau, place de l&rsquo;\u00c9glise<\/li>\n<li>14h30 : D\u00e9part du cort\u00e8ge rue de l&rsquo;\u00c9glise, apr\u00e8s la fin du cort\u00e8ge, br\u00fblage du K\u00fcsch<\/li>\n<li>A partir de 16h : programme sous le chapiteau, place de l&rsquo;\u00c9glise<\/li>\n<li>17 h : fin<\/li>\n<\/ul>\n<p><strong>Cort\u00e8ge traditionnel (dimanche 2 mars)<\/strong><\/p>\n<ul>\n<li>14h : d\u00e9part au K\u00fcsch<\/li>\n<li>D\u00e8s 14h45 : discours et programme sous le chapiteau<\/li>\n<li>16h : D\u00e9part pour le Patronage (programme)<\/li>\n<\/ul>\n<p><strong>Cort\u00e8ge du lundi des Roses (lundi 3 mars)<\/strong><\/p>\n<ul>\n<li>Mise en place du cort\u00e8ge \u00e0 hauteur du \u00ab Touring \u00bb\/T\u00fclje et Heygraben<\/li>\n<li>12h30 : D\u00e9part<\/li>\n<li>Env. 14h15 : r\u00e9ception du cort\u00e8ge \u00e0 la maison communale<\/li>\n<li>Env. 17h30 : br\u00fblage du K\u00fcsch<\/li>\n<li>Ensuite, carnaval de rue dans tous les caf\u00e9s et la salle du Patronage<\/li>\n<\/ul>\n<p>\u27a1\ufe0fLe Lundi des Roses, le centre du village sera ferm\u00e9 de 10 \u00e0 18 heures.<\/p>\n<p>\ud83c\udd7f\ufe0fLes places de parking suivants sont accessibles aux spectateurs et spectatrices le lundi de carnaval :<\/p>\n<ul>\n<li>Place de la Coul (entr\u00e9e du Krickelstein)<\/li>\n<li>\u00a0Les parkings Action, Ex-Lidl et Aldi (rue de Li\u00e8ge) et au stade de football<\/li>\n<\/ul>\n<p>\ud83d\ude8cLe lundi de carnaval, des navettes gratuites seront propos\u00e9es du parking de l&rsquo;\u00c9glise \u00e0 Hergenrath vers La Calamine (arr\u00eat cit\u00e9 Jansm\u00fchle) et du magasin de bricolage Kevers \u00e0 Lontzen vers La Calamine (arr\u00eat Select). Les trajets aller ont lieu de 10h \u00e0 13h et les trajets retour de 17h \u00e0 20h30.<\/p>\n<p>\u26a0\ufe0fPour conna\u00eetre l&rsquo;offre de bus des TEC pendant les jours de carnaval, consultez le<strong><a href=\"https:\/\/www.letec.be\/News\/Detail\/17887\"> site web des TEC<\/a><\/strong>.<\/p>\n<p>&nbsp;<\/p>\n","protected":false},"excerpt":{"rendered":"Dans une semaine, le carnaval commence dans notre commune. Voici un bref aper\u00e7u de ce qui vous attend : D\u00e9fil\u00e9 des vieilles femmes (jeudi 27 f\u00e9vrier) 10.11 h D\u00e9part du terrain de la Coul 11h11 : remise des cl\u00e9s sous le chapiteau, place de l&rsquo;\u00c9glise 12h30 : D\u00e9part place de l&rsquo;\u00c9glise en direction du d\u00e9p\u00f4t [&hellip;]","protected":false},"author":2,"featured_media":15693,"comment_status":"closed","ping_status":"closed","sticky":false,"template":"","format":"standard","meta":{"_acf_changed":false,"footnotes":""},"categories":[73],"tags":[],"class_list":["post-15692","post","type-post","status-publish","format-standard","has-post-thumbnail","hentry","category-evenement"],"acf":[],"_links":{"self":[{"href":"https:\/\/www.kelmis.be\/fr\/wp-json\/wp\/v2\/posts\/15692","targetHints":{"allow":["GET"]}}],"collection":[{"href":"https:\/\/www.kelmis.be\/fr\/wp-json\/wp\/v2\/posts"}],"about":[{"href":"https:\/\/www.kelmis.be\/fr\/wp-json\/wp\/v2\/types\/post"}],"author":[{"embeddable":true,"href":"https:\/\/www.kelmis.be\/fr\/wp-json\/wp\/v2\/users\/2"}],"replies":[{"embeddable":true,"href":"https:\/\/www.kelmis.be\/fr\/wp-json\/wp\/v2\/comments?post=15692"}],"version-history":[{"count":1,"href":"https:\/\/www.kelmis.be\/fr\/wp-json\/wp\/v2\/posts\/15692\/revisions"}],"predecessor-version":[{"id":15694,"href":"https:\/\/www.kelmis.be\/fr\/wp-json\/wp\/v2\/posts\/15692\/revisions\/15694"}],"wp:featuredmedia":[{"embeddable":true,"href":"https:\/\/www.kelmis.be\/fr\/wp-json\/wp\/v2\/media\/15693"}],"wp:attachment":[{"href":"https:\/\/www.kelmis.be\/fr\/wp-json\/wp\/v2\/media?parent=15692"}],"wp:term":[{"taxonomy":"category","embeddable":true,"href":"https:\/\/www.kelmis.be\/fr\/wp-json\/wp\/v2\/categories?post=15692"},{"taxonomy":"post_tag","embeddable":true,"href":"https:\/\/www.kelmis.be\/fr\/wp-json\/wp\/v2\/tags?post=15692"}],"curies":[{"name":"wp","href":"https:\/\/api.w.org\/{rel}","templated":true}]}}