{"id":15674,"date":"2025-02-19T15:55:46","date_gmt":"2025-02-19T14:55:46","guid":{"rendered":"https:\/\/www.kelmis.be\/?p=15674"},"modified":"2025-02-19T16:17:30","modified_gmt":"2025-02-19T15:17:30","slug":"tout-est-pret-pour-la-migration-des-crapauds","status":"publish","type":"post","link":"https:\/\/www.kelmis.be\/fr\/actualite-dans-la-commune\/tout-est-pret-pour-la-migration-des-crapauds","title":{"rendered":"Tout est pr\u00eat pour la migration des crapauds"},"content":{"rendered":"<p>Dans notre commune, tout est pr\u00eat pour la migration des crapauds : l&rsquo;\u00e9quipe de Robert Schmetz (asbl AVES) a pr\u00e9par\u00e9 les sites de migration au cours des deux derni\u00e8res semaines, afin que les crapauds puissent atteindre sans encombre les sites de reproduction vis\u00e9s. Dans notre commune, des panneaux de signalisation ont \u00e9t\u00e9 install\u00e9s \u00e0 cet effet sur la rue Altenberg et la rue d&rsquo;Astenet. La p\u00e9riode de migration des crapauds s&rsquo;\u00e9tend sur deux ou trois mois et pourrait commencer dans les prochains jours. Toute personne souhaitant participer \u00e0 la protection des crapauds ou signaler l&rsquo;observation de leur migration peut prendre contact avec Robert Schmetz : monirobischmetz@gmail.com ou 0493\/71 65 33.<\/p>\n","protected":false},"excerpt":{"rendered":"Dans notre commune, tout est pr\u00eat pour la migration des crapauds : l&rsquo;\u00e9quipe de Robert Schmetz (asbl AVES) a pr\u00e9par\u00e9 les sites de migration au cours des deux derni\u00e8res semaines, afin que les crapauds puissent atteindre sans encombre les sites de reproduction vis\u00e9s. Dans notre commune, des panneaux de signalisation ont \u00e9t\u00e9 install\u00e9s \u00e0 cet [&hellip;]","protected":false},"author":2,"featured_media":15675,"comment_status":"closed","ping_status":"closed","sticky":false,"template":"","format":"standard","meta":{"_acf_changed":false,"footnotes":""},"categories":[70],"tags":[],"class_list":["post-15674","post","type-post","status-publish","format-standard","has-post-thumbnail","hentry","category-actualite-dans-la-commune"],"acf":[],"_links":{"self":[{"href":"https:\/\/www.kelmis.be\/fr\/wp-json\/wp\/v2\/posts\/15674","targetHints":{"allow":["GET"]}}],"collection":[{"href":"https:\/\/www.kelmis.be\/fr\/wp-json\/wp\/v2\/posts"}],"about":[{"href":"https:\/\/www.kelmis.be\/fr\/wp-json\/wp\/v2\/types\/post"}],"author":[{"embeddable":true,"href":"https:\/\/www.kelmis.be\/fr\/wp-json\/wp\/v2\/users\/2"}],"replies":[{"embeddable":true,"href":"https:\/\/www.kelmis.be\/fr\/wp-json\/wp\/v2\/comments?post=15674"}],"version-history":[{"count":2,"href":"https:\/\/www.kelmis.be\/fr\/wp-json\/wp\/v2\/posts\/15674\/revisions"}],"predecessor-version":[{"id":15683,"href":"https:\/\/www.kelmis.be\/fr\/wp-json\/wp\/v2\/posts\/15674\/revisions\/15683"}],"wp:featuredmedia":[{"embeddable":true,"href":"https:\/\/www.kelmis.be\/fr\/wp-json\/wp\/v2\/media\/15675"}],"wp:attachment":[{"href":"https:\/\/www.kelmis.be\/fr\/wp-json\/wp\/v2\/media?parent=15674"}],"wp:term":[{"taxonomy":"category","embeddable":true,"href":"https:\/\/www.kelmis.be\/fr\/wp-json\/wp\/v2\/categories?post=15674"},{"taxonomy":"post_tag","embeddable":true,"href":"https:\/\/www.kelmis.be\/fr\/wp-json\/wp\/v2\/tags?post=15674"}],"curies":[{"name":"wp","href":"https:\/\/api.w.org\/{rel}","templated":true}]}}