{"id":15656,"date":"2025-02-19T12:20:22","date_gmt":"2025-02-19T11:20:22","guid":{"rendered":"https:\/\/www.kelmis.be\/?p=15656"},"modified":"2025-02-19T12:48:40","modified_gmt":"2025-02-19T11:48:40","slug":"assainissement-hochheid-le-dossier-peut-etre-consulte","status":"publish","type":"post","link":"https:\/\/www.kelmis.be\/fr\/actualite-dans-la-commune\/assainissement-hochheid-le-dossier-peut-etre-consulte","title":{"rendered":"Assainissement Hochheid : le dossier peut \u00eatre consult\u00e9"},"content":{"rendered":"<p>Le coll\u00e8ge communal fait savoir qu\u2019en vertu du D\u00e9cret relatif \u00e0 la gestion et \u00e0 l\u2019assainissement \u00a0des sols, le Service public de Wallonie \u2013 Direction de l\u2019Assainissement des Sols est saisi d\u2019une demande de projet d\u2019assainissement.<\/p>\n<p>Le terrain concern\u00e9 est situ\u00e9 :<\/p>\n<p>Hergenrath Hochheid \u2013 parcelle bois\u00e9e et est cadastr\u00e9 : La Calamine, division 3, section D, nr. 196 A 2<\/p>\n<p>Le projet consiste en l\u2019assainissement d\u2019une friche industrielle<\/p>\n<p>Le dossier peut \u00eatre consult\u00e9 du 24 f\u00e9vrier au 10 mars sur rendez-vous les jours ouvrables de 9 h \u00e0 12 h et de 14 h \u00e0 15h30 (vendredi de 9 \u00e0 12 heures) \u00e0 l\u2019adresse suivante Administration communale \u2013 Service environnement rue de l\u2019\u00c9glise, 26 \u00e0 4720 La Calamine. L\u2019administration est ferm\u00e9e les 27 f\u00e9vrier, les 3 et 4 mars pour cause de carnaval.<\/p>\n","protected":false},"excerpt":{"rendered":"Le coll\u00e8ge communal fait savoir qu\u2019en vertu du D\u00e9cret relatif \u00e0 la gestion et \u00e0 l\u2019assainissement \u00a0des sols, le Service public de Wallonie \u2013 Direction de l\u2019Assainissement des Sols est saisi d\u2019une demande de projet d\u2019assainissement. Le terrain concern\u00e9 est situ\u00e9 : Hergenrath Hochheid \u2013 parcelle bois\u00e9e et est cadastr\u00e9 : La Calamine, division 3, [&hellip;]","protected":false},"author":2,"featured_media":15577,"comment_status":"closed","ping_status":"closed","sticky":false,"template":"","format":"standard","meta":{"_acf_changed":false,"footnotes":""},"categories":[70],"tags":[],"class_list":["post-15656","post","type-post","status-publish","format-standard","has-post-thumbnail","hentry","category-actualite-dans-la-commune"],"acf":[],"_links":{"self":[{"href":"https:\/\/www.kelmis.be\/fr\/wp-json\/wp\/v2\/posts\/15656","targetHints":{"allow":["GET"]}}],"collection":[{"href":"https:\/\/www.kelmis.be\/fr\/wp-json\/wp\/v2\/posts"}],"about":[{"href":"https:\/\/www.kelmis.be\/fr\/wp-json\/wp\/v2\/types\/post"}],"author":[{"embeddable":true,"href":"https:\/\/www.kelmis.be\/fr\/wp-json\/wp\/v2\/users\/2"}],"replies":[{"embeddable":true,"href":"https:\/\/www.kelmis.be\/fr\/wp-json\/wp\/v2\/comments?post=15656"}],"version-history":[{"count":2,"href":"https:\/\/www.kelmis.be\/fr\/wp-json\/wp\/v2\/posts\/15656\/revisions"}],"predecessor-version":[{"id":15661,"href":"https:\/\/www.kelmis.be\/fr\/wp-json\/wp\/v2\/posts\/15656\/revisions\/15661"}],"wp:featuredmedia":[{"embeddable":true,"href":"https:\/\/www.kelmis.be\/fr\/wp-json\/wp\/v2\/media\/15577"}],"wp:attachment":[{"href":"https:\/\/www.kelmis.be\/fr\/wp-json\/wp\/v2\/media?parent=15656"}],"wp:term":[{"taxonomy":"category","embeddable":true,"href":"https:\/\/www.kelmis.be\/fr\/wp-json\/wp\/v2\/categories?post=15656"},{"taxonomy":"post_tag","embeddable":true,"href":"https:\/\/www.kelmis.be\/fr\/wp-json\/wp\/v2\/tags?post=15656"}],"curies":[{"name":"wp","href":"https:\/\/api.w.org\/{rel}","templated":true}]}}