{"id":15621,"date":"2025-02-12T10:53:04","date_gmt":"2025-02-12T09:53:04","guid":{"rendered":"https:\/\/www.kelmis.be\/?p=15621"},"modified":"2025-02-12T14:47:11","modified_gmt":"2025-02-12T13:47:11","slug":"pas-de-cours-aux-ecoles-communales-en-raison-de-la-greve-nationale-ce-jeudi","status":"publish","type":"post","link":"https:\/\/www.kelmis.be\/fr\/actualite-dans-la-commune\/pas-de-cours-aux-ecoles-communales-en-raison-de-la-greve-nationale-ce-jeudi","title":{"rendered":"Pas de cours aux \u00e9coles communales en raison de la gr\u00e8ve nationale ce jeudi"},"content":{"rendered":"<p>Jeudi aura lieu une journ\u00e9e nationale de gr\u00e8ve contre les mesures pr\u00e9vues par le gouvernement f\u00e9d\u00e9ral. Dans ce contexte, il n&rsquo;y aura pas de cours ce jour-l\u00e0 dans les \u00e9coles communales de La Calamine et de Hergenrath. Une surveillance d&rsquo;urgence sera organis\u00e9e. Les parents et enfants ont \u00e9t\u00e9 inform\u00e9s au pr\u00e9alable.<\/p>\n","protected":false},"excerpt":{"rendered":"Jeudi aura lieu une journ\u00e9e nationale de gr\u00e8ve contre les mesures pr\u00e9vues par le gouvernement f\u00e9d\u00e9ral. Dans ce contexte, il n&rsquo;y aura pas de cours ce jour-l\u00e0 dans les \u00e9coles communales de La Calamine et de Hergenrath. Une surveillance d&rsquo;urgence sera organis\u00e9e. Les parents et enfants ont \u00e9t\u00e9 inform\u00e9s au pr\u00e9alable.","protected":false},"author":2,"featured_media":15622,"comment_status":"closed","ping_status":"closed","sticky":false,"template":"","format":"standard","meta":{"_acf_changed":false,"footnotes":""},"categories":[70],"tags":[],"class_list":["post-15621","post","type-post","status-publish","format-standard","has-post-thumbnail","hentry","category-actualite-dans-la-commune"],"acf":[],"_links":{"self":[{"href":"https:\/\/www.kelmis.be\/fr\/wp-json\/wp\/v2\/posts\/15621","targetHints":{"allow":["GET"]}}],"collection":[{"href":"https:\/\/www.kelmis.be\/fr\/wp-json\/wp\/v2\/posts"}],"about":[{"href":"https:\/\/www.kelmis.be\/fr\/wp-json\/wp\/v2\/types\/post"}],"author":[{"embeddable":true,"href":"https:\/\/www.kelmis.be\/fr\/wp-json\/wp\/v2\/users\/2"}],"replies":[{"embeddable":true,"href":"https:\/\/www.kelmis.be\/fr\/wp-json\/wp\/v2\/comments?post=15621"}],"version-history":[{"count":2,"href":"https:\/\/www.kelmis.be\/fr\/wp-json\/wp\/v2\/posts\/15621\/revisions"}],"predecessor-version":[{"id":15625,"href":"https:\/\/www.kelmis.be\/fr\/wp-json\/wp\/v2\/posts\/15621\/revisions\/15625"}],"wp:featuredmedia":[{"embeddable":true,"href":"https:\/\/www.kelmis.be\/fr\/wp-json\/wp\/v2\/media\/15622"}],"wp:attachment":[{"href":"https:\/\/www.kelmis.be\/fr\/wp-json\/wp\/v2\/media?parent=15621"}],"wp:term":[{"taxonomy":"category","embeddable":true,"href":"https:\/\/www.kelmis.be\/fr\/wp-json\/wp\/v2\/categories?post=15621"},{"taxonomy":"post_tag","embeddable":true,"href":"https:\/\/www.kelmis.be\/fr\/wp-json\/wp\/v2\/tags?post=15621"}],"curies":[{"name":"wp","href":"https:\/\/api.w.org\/{rel}","templated":true}]}}