{"id":15615,"date":"2025-02-11T16:46:33","date_gmt":"2025-02-11T15:46:33","guid":{"rendered":"https:\/\/www.kelmis.be\/?p=15615"},"modified":"2025-02-11T16:46:33","modified_gmt":"2025-02-11T15:46:33","slug":"recypark-ferme-ce-jeudi-en-raison-de-la-greve-nationale","status":"publish","type":"post","link":"https:\/\/www.kelmis.be\/fr\/actualite-dans-la-commune\/recypark-ferme-ce-jeudi-en-raison-de-la-greve-nationale","title":{"rendered":"Recypark ferm\u00e9 ce jeudi en raison de la gr\u00e8ve nationale"},"content":{"rendered":"<p>L&rsquo;intercommunale Intradel communique que 47 de ses 49 Recyparcs seront ferm\u00e9s jeudi prochain. Le parc \u00e0 conteneurs de notre commune ne sera donc pas accessible ce jour-l\u00e0. Cette d\u00e9cision est motiv\u00e9e par la journ\u00e9e de gr\u00e8ve nationale de jeudi contre les mesures pr\u00e9vues du gouvernement De Wever.<\/p>\n","protected":false},"excerpt":{"rendered":"L&rsquo;intercommunale Intradel communique que 47 de ses 49 Recyparcs seront ferm\u00e9s jeudi prochain. Le parc \u00e0 conteneurs de notre commune ne sera donc pas accessible ce jour-l\u00e0. Cette d\u00e9cision est motiv\u00e9e par la journ\u00e9e de gr\u00e8ve nationale de jeudi contre les mesures pr\u00e9vues du gouvernement De Wever.","protected":false},"author":2,"featured_media":15616,"comment_status":"closed","ping_status":"closed","sticky":false,"template":"","format":"standard","meta":{"_acf_changed":false,"footnotes":""},"categories":[70],"tags":[],"class_list":["post-15615","post","type-post","status-publish","format-standard","has-post-thumbnail","hentry","category-actualite-dans-la-commune"],"acf":[],"_links":{"self":[{"href":"https:\/\/www.kelmis.be\/fr\/wp-json\/wp\/v2\/posts\/15615","targetHints":{"allow":["GET"]}}],"collection":[{"href":"https:\/\/www.kelmis.be\/fr\/wp-json\/wp\/v2\/posts"}],"about":[{"href":"https:\/\/www.kelmis.be\/fr\/wp-json\/wp\/v2\/types\/post"}],"author":[{"embeddable":true,"href":"https:\/\/www.kelmis.be\/fr\/wp-json\/wp\/v2\/users\/2"}],"replies":[{"embeddable":true,"href":"https:\/\/www.kelmis.be\/fr\/wp-json\/wp\/v2\/comments?post=15615"}],"version-history":[{"count":1,"href":"https:\/\/www.kelmis.be\/fr\/wp-json\/wp\/v2\/posts\/15615\/revisions"}],"predecessor-version":[{"id":15617,"href":"https:\/\/www.kelmis.be\/fr\/wp-json\/wp\/v2\/posts\/15615\/revisions\/15617"}],"wp:featuredmedia":[{"embeddable":true,"href":"https:\/\/www.kelmis.be\/fr\/wp-json\/wp\/v2\/media\/15616"}],"wp:attachment":[{"href":"https:\/\/www.kelmis.be\/fr\/wp-json\/wp\/v2\/media?parent=15615"}],"wp:term":[{"taxonomy":"category","embeddable":true,"href":"https:\/\/www.kelmis.be\/fr\/wp-json\/wp\/v2\/categories?post=15615"},{"taxonomy":"post_tag","embeddable":true,"href":"https:\/\/www.kelmis.be\/fr\/wp-json\/wp\/v2\/tags?post=15615"}],"curies":[{"name":"wp","href":"https:\/\/api.w.org\/{rel}","templated":true}]}}