{"id":15608,"date":"2025-02-11T12:49:20","date_gmt":"2025-02-11T11:49:20","guid":{"rendered":"https:\/\/www.kelmis.be\/?p=15608"},"modified":"2025-02-11T12:49:20","modified_gmt":"2025-02-11T11:49:20","slug":"les-demenagements-de-nos-services-continuent","status":"publish","type":"post","link":"https:\/\/www.kelmis.be\/fr\/depuis-la-maison-communale\/les-demenagements-de-nos-services-continuent","title":{"rendered":"Les d\u00e9m\u00e9nagements de nos services continuent"},"content":{"rendered":"<p>Dans le cadre des travaux de r\u00e9novation de la maison communale, le service de l&rsquo;environnement d\u00e9m\u00e9nage aujourd&rsquo;hui dans ses nouveaux locaux provisoires : Nos collaborateurs G\u00fcnther Havenith et Chris von Borstel seront d\u00e8s mercredi dans le local commercial (pr\u00e9c\u00e9demment occup\u00e9 par le service Eau potable et Finances) en face de la maison communale. Le service Urbanisme sera le prochain \u00e0 s&rsquo;y installer. Le d\u00e9m\u00e9nagement ayant lieu mercredi, le service sera ferm\u00e9 ce jour-l\u00e0. D\u00e8s jeudi, nos collaborateurs et collaboratrices seront \u00e0 votre disposition dans leur nouveau lieu de travail.<\/p>\n","protected":false},"excerpt":{"rendered":"Dans le cadre des travaux de r\u00e9novation de la maison communale, le service de l&rsquo;environnement d\u00e9m\u00e9nage aujourd&rsquo;hui dans ses nouveaux locaux provisoires : Nos collaborateurs G\u00fcnther Havenith et Chris von Borstel seront d\u00e8s mercredi dans le local commercial (pr\u00e9c\u00e9demment occup\u00e9 par le service Eau potable et Finances) en face de la maison communale. Le service [&hellip;]","protected":false},"author":2,"featured_media":15609,"comment_status":"closed","ping_status":"closed","sticky":false,"template":"","format":"standard","meta":{"_acf_changed":false,"footnotes":""},"categories":[71],"tags":[],"class_list":["post-15608","post","type-post","status-publish","format-standard","has-post-thumbnail","hentry","category-depuis-la-maison-communale"],"acf":[],"_links":{"self":[{"href":"https:\/\/www.kelmis.be\/fr\/wp-json\/wp\/v2\/posts\/15608","targetHints":{"allow":["GET"]}}],"collection":[{"href":"https:\/\/www.kelmis.be\/fr\/wp-json\/wp\/v2\/posts"}],"about":[{"href":"https:\/\/www.kelmis.be\/fr\/wp-json\/wp\/v2\/types\/post"}],"author":[{"embeddable":true,"href":"https:\/\/www.kelmis.be\/fr\/wp-json\/wp\/v2\/users\/2"}],"replies":[{"embeddable":true,"href":"https:\/\/www.kelmis.be\/fr\/wp-json\/wp\/v2\/comments?post=15608"}],"version-history":[{"count":1,"href":"https:\/\/www.kelmis.be\/fr\/wp-json\/wp\/v2\/posts\/15608\/revisions"}],"predecessor-version":[{"id":15610,"href":"https:\/\/www.kelmis.be\/fr\/wp-json\/wp\/v2\/posts\/15608\/revisions\/15610"}],"wp:featuredmedia":[{"embeddable":true,"href":"https:\/\/www.kelmis.be\/fr\/wp-json\/wp\/v2\/media\/15609"}],"wp:attachment":[{"href":"https:\/\/www.kelmis.be\/fr\/wp-json\/wp\/v2\/media?parent=15608"}],"wp:term":[{"taxonomy":"category","embeddable":true,"href":"https:\/\/www.kelmis.be\/fr\/wp-json\/wp\/v2\/categories?post=15608"},{"taxonomy":"post_tag","embeddable":true,"href":"https:\/\/www.kelmis.be\/fr\/wp-json\/wp\/v2\/tags?post=15608"}],"curies":[{"name":"wp","href":"https:\/\/api.w.org\/{rel}","templated":true}]}}