{"id":15567,"date":"2025-02-06T13:59:34","date_gmt":"2025-02-06T12:59:34","guid":{"rendered":"https:\/\/www.kelmis.be\/?p=15567"},"modified":"2025-02-06T13:59:34","modified_gmt":"2025-02-06T12:59:34","slug":"leclairage-public-de-la-commune-allume","status":"publish","type":"post","link":"https:\/\/www.kelmis.be\/fr\/depuis-la-maison-communale\/leclairage-public-de-la-commune-allume","title":{"rendered":"L&rsquo;\u00e9clairage public de la commune allum\u00e9"},"content":{"rendered":"<p>L&rsquo;intercommunale Ores informe que, en raison de travaux de la soci\u00e9t\u00e9 de transport d&rsquo;\u00e9lectricit\u00e9 Elia au Poste Henri-Chapelle, l&rsquo;\u00e9clairage public de la commune restera allum\u00e9 du lundi 10 f\u00e9vrier \u00e0 partir de 14h00 jusqu&rsquo;au mardi 11 f\u00e9vrier \u00e0 16h00.<\/p>\n","protected":false},"excerpt":{"rendered":"L&rsquo;intercommunale Ores informe que, en raison de travaux de la soci\u00e9t\u00e9 de transport d&rsquo;\u00e9lectricit\u00e9 Elia au Poste Henri-Chapelle, l&rsquo;\u00e9clairage public de la commune restera allum\u00e9 du lundi 10 f\u00e9vrier \u00e0 partir de 14h00 jusqu&rsquo;au mardi 11 f\u00e9vrier \u00e0 16h00.","protected":false},"author":2,"featured_media":15568,"comment_status":"closed","ping_status":"closed","sticky":false,"template":"","format":"standard","meta":{"_acf_changed":false,"footnotes":""},"categories":[71],"tags":[],"class_list":["post-15567","post","type-post","status-publish","format-standard","has-post-thumbnail","hentry","category-depuis-la-maison-communale"],"acf":[],"_links":{"self":[{"href":"https:\/\/www.kelmis.be\/fr\/wp-json\/wp\/v2\/posts\/15567","targetHints":{"allow":["GET"]}}],"collection":[{"href":"https:\/\/www.kelmis.be\/fr\/wp-json\/wp\/v2\/posts"}],"about":[{"href":"https:\/\/www.kelmis.be\/fr\/wp-json\/wp\/v2\/types\/post"}],"author":[{"embeddable":true,"href":"https:\/\/www.kelmis.be\/fr\/wp-json\/wp\/v2\/users\/2"}],"replies":[{"embeddable":true,"href":"https:\/\/www.kelmis.be\/fr\/wp-json\/wp\/v2\/comments?post=15567"}],"version-history":[{"count":1,"href":"https:\/\/www.kelmis.be\/fr\/wp-json\/wp\/v2\/posts\/15567\/revisions"}],"predecessor-version":[{"id":15569,"href":"https:\/\/www.kelmis.be\/fr\/wp-json\/wp\/v2\/posts\/15567\/revisions\/15569"}],"wp:featuredmedia":[{"embeddable":true,"href":"https:\/\/www.kelmis.be\/fr\/wp-json\/wp\/v2\/media\/15568"}],"wp:attachment":[{"href":"https:\/\/www.kelmis.be\/fr\/wp-json\/wp\/v2\/media?parent=15567"}],"wp:term":[{"taxonomy":"category","embeddable":true,"href":"https:\/\/www.kelmis.be\/fr\/wp-json\/wp\/v2\/categories?post=15567"},{"taxonomy":"post_tag","embeddable":true,"href":"https:\/\/www.kelmis.be\/fr\/wp-json\/wp\/v2\/tags?post=15567"}],"curies":[{"name":"wp","href":"https:\/\/api.w.org\/{rel}","templated":true}]}}