{"id":15548,"date":"2025-02-05T11:39:12","date_gmt":"2025-02-05T10:39:12","guid":{"rendered":"https:\/\/www.kelmis.be\/?p=15548"},"modified":"2025-02-05T13:35:07","modified_gmt":"2025-02-05T12:35:07","slug":"service-eau-potable-et-finances-a-pris-place-dans-son-nouvel-environnement","status":"publish","type":"post","link":"https:\/\/www.kelmis.be\/fr\/depuis-la-maison-communale\/service-eau-potable-et-finances-a-pris-place-dans-son-nouvel-environnement","title":{"rendered":"Service Eau potable et Finances a pris place dans son nouvel environnement"},"content":{"rendered":"<p>Le personnel du service Eau potable et Finances a pris ses fonctions aujourd&rsquo;hui dans un nouvel environnement, dans la cour int\u00e9rieure de la maison communale. D\u00e8s \u00e0 pr\u00e9sent, Jason Longerich, Laura Vyghen (comptabilit\u00e9), Luca Samadello et Ribana Groffy (service client\u00e8le) sont \u00e0 votre disposition. Luca Samadello et Ribana Groffy s&rsquo;occupent, en contact direct avec les clients, des factures d&rsquo;eau, des changements d&rsquo;adresse, des nouveaux raccordements, des plans de paiement \u00e9chelonn\u00e9, etc.<\/p>\n<p>Le service est joignable aux num\u00e9ros suivants : 087\/639 807 (imp\u00f4ts, taxes) ou 087\/639 810 (factures d&rsquo;eau, plans de paiement, etc.).<\/p>\n","protected":false},"excerpt":{"rendered":"Le personnel du service Eau potable et Finances a pris ses fonctions aujourd&rsquo;hui dans un nouvel environnement, dans la cour int\u00e9rieure de la maison communale. D\u00e8s \u00e0 pr\u00e9sent, Jason Longerich, Laura Vyghen (comptabilit\u00e9), Luca Samadello et Ribana Groffy (service client\u00e8le) sont \u00e0 votre disposition. Luca Samadello et Ribana Groffy s&rsquo;occupent, en contact direct avec les [&hellip;]","protected":false},"author":2,"featured_media":15550,"comment_status":"closed","ping_status":"closed","sticky":false,"template":"","format":"standard","meta":{"_acf_changed":false,"footnotes":""},"categories":[71],"tags":[],"class_list":["post-15548","post","type-post","status-publish","format-standard","has-post-thumbnail","hentry","category-depuis-la-maison-communale"],"acf":[],"_links":{"self":[{"href":"https:\/\/www.kelmis.be\/fr\/wp-json\/wp\/v2\/posts\/15548","targetHints":{"allow":["GET"]}}],"collection":[{"href":"https:\/\/www.kelmis.be\/fr\/wp-json\/wp\/v2\/posts"}],"about":[{"href":"https:\/\/www.kelmis.be\/fr\/wp-json\/wp\/v2\/types\/post"}],"author":[{"embeddable":true,"href":"https:\/\/www.kelmis.be\/fr\/wp-json\/wp\/v2\/users\/2"}],"replies":[{"embeddable":true,"href":"https:\/\/www.kelmis.be\/fr\/wp-json\/wp\/v2\/comments?post=15548"}],"version-history":[{"count":3,"href":"https:\/\/www.kelmis.be\/fr\/wp-json\/wp\/v2\/posts\/15548\/revisions"}],"predecessor-version":[{"id":15554,"href":"https:\/\/www.kelmis.be\/fr\/wp-json\/wp\/v2\/posts\/15548\/revisions\/15554"}],"wp:featuredmedia":[{"embeddable":true,"href":"https:\/\/www.kelmis.be\/fr\/wp-json\/wp\/v2\/media\/15550"}],"wp:attachment":[{"href":"https:\/\/www.kelmis.be\/fr\/wp-json\/wp\/v2\/media?parent=15548"}],"wp:term":[{"taxonomy":"category","embeddable":true,"href":"https:\/\/www.kelmis.be\/fr\/wp-json\/wp\/v2\/categories?post=15548"},{"taxonomy":"post_tag","embeddable":true,"href":"https:\/\/www.kelmis.be\/fr\/wp-json\/wp\/v2\/tags?post=15548"}],"curies":[{"name":"wp","href":"https:\/\/api.w.org\/{rel}","templated":true}]}}