{"id":15541,"date":"2025-02-04T13:13:31","date_gmt":"2025-02-04T12:13:31","guid":{"rendered":"https:\/\/www.kelmis.be\/?p=15541"},"modified":"2025-02-04T13:13:31","modified_gmt":"2025-02-04T12:13:31","slug":"travaux-de-fibre-optique-dans-la-rue-aufm-genster","status":"publish","type":"post","link":"https:\/\/www.kelmis.be\/fr\/actualite-dans-la-commune\/travaux-de-fibre-optique-dans-la-rue-aufm-genster","title":{"rendered":"Travaux de fibre optique dans la rue Auf&rsquo;m Genster"},"content":{"rendered":"<p>L&rsquo;extension du r\u00e9seau de fibre optique dans notre commune progresse : pour le compte de Glasfaser Ostbelgien, des travaux sont actuellement en cours dans la rue Auf&rsquo;m Genster \u00e0 Hergenrath. Un deuxi\u00e8me chantier sera lanc\u00e9 aujourd&rsquo;hui ou au plus tard mercredi dans le Miebend. Les travaux dans la rue d&rsquo;Astenet sont termin\u00e9s.<\/p>\n","protected":false},"excerpt":{"rendered":"L&rsquo;extension du r\u00e9seau de fibre optique dans notre commune progresse : pour le compte de Glasfaser Ostbelgien, des travaux sont actuellement en cours dans la rue Auf&rsquo;m Genster \u00e0 Hergenrath. Un deuxi\u00e8me chantier sera lanc\u00e9 aujourd&rsquo;hui ou au plus tard mercredi dans le Miebend. Les travaux dans la rue d&rsquo;Astenet sont termin\u00e9s.","protected":false},"author":2,"featured_media":15542,"comment_status":"closed","ping_status":"closed","sticky":false,"template":"","format":"standard","meta":{"_acf_changed":false,"footnotes":""},"categories":[70],"tags":[],"class_list":["post-15541","post","type-post","status-publish","format-standard","has-post-thumbnail","hentry","category-actualite-dans-la-commune"],"acf":[],"_links":{"self":[{"href":"https:\/\/www.kelmis.be\/fr\/wp-json\/wp\/v2\/posts\/15541","targetHints":{"allow":["GET"]}}],"collection":[{"href":"https:\/\/www.kelmis.be\/fr\/wp-json\/wp\/v2\/posts"}],"about":[{"href":"https:\/\/www.kelmis.be\/fr\/wp-json\/wp\/v2\/types\/post"}],"author":[{"embeddable":true,"href":"https:\/\/www.kelmis.be\/fr\/wp-json\/wp\/v2\/users\/2"}],"replies":[{"embeddable":true,"href":"https:\/\/www.kelmis.be\/fr\/wp-json\/wp\/v2\/comments?post=15541"}],"version-history":[{"count":1,"href":"https:\/\/www.kelmis.be\/fr\/wp-json\/wp\/v2\/posts\/15541\/revisions"}],"predecessor-version":[{"id":15543,"href":"https:\/\/www.kelmis.be\/fr\/wp-json\/wp\/v2\/posts\/15541\/revisions\/15543"}],"wp:featuredmedia":[{"embeddable":true,"href":"https:\/\/www.kelmis.be\/fr\/wp-json\/wp\/v2\/media\/15542"}],"wp:attachment":[{"href":"https:\/\/www.kelmis.be\/fr\/wp-json\/wp\/v2\/media?parent=15541"}],"wp:term":[{"taxonomy":"category","embeddable":true,"href":"https:\/\/www.kelmis.be\/fr\/wp-json\/wp\/v2\/categories?post=15541"},{"taxonomy":"post_tag","embeddable":true,"href":"https:\/\/www.kelmis.be\/fr\/wp-json\/wp\/v2\/tags?post=15541"}],"curies":[{"name":"wp","href":"https:\/\/api.w.org\/{rel}","templated":true}]}}