{"id":15535,"date":"2025-02-03T10:53:20","date_gmt":"2025-02-03T09:53:20","guid":{"rendered":"https:\/\/www.kelmis.be\/?p=15535"},"modified":"2025-02-03T10:53:20","modified_gmt":"2025-02-03T09:53:20","slug":"a-qui-appartient-ce-trousseau-de-cles","status":"publish","type":"post","link":"https:\/\/www.kelmis.be\/fr\/depuis-la-maison-communale\/a-qui-appartient-ce-trousseau-de-cles","title":{"rendered":"\u00c0 qui appartient ce trousseau de cl\u00e9s ?"},"content":{"rendered":"<p>\u00c0 qui appartient ce trousseau de cl\u00e9s ? Il a \u00e9t\u00e9 d\u00e9pos\u00e9 \u00e0 la maison communale. Veuillez vous pr\u00e9senter au service des objets trouv\u00e9s, dans le hall d&rsquo;entr\u00e9e de la maison communale. Info\u00a0: 087\/ 639 806<\/p>\n","protected":false},"excerpt":{"rendered":"\u00c0 qui appartient ce trousseau de cl\u00e9s ? Il a \u00e9t\u00e9 d\u00e9pos\u00e9 \u00e0 la maison communale. Veuillez vous pr\u00e9senter au service des objets trouv\u00e9s, dans le hall d&rsquo;entr\u00e9e de la maison communale. Info\u00a0: 087\/ 639 806","protected":false},"author":2,"featured_media":15536,"comment_status":"closed","ping_status":"closed","sticky":false,"template":"","format":"standard","meta":{"_acf_changed":false,"footnotes":""},"categories":[71],"tags":[],"class_list":["post-15535","post","type-post","status-publish","format-standard","has-post-thumbnail","hentry","category-depuis-la-maison-communale"],"acf":[],"_links":{"self":[{"href":"https:\/\/www.kelmis.be\/fr\/wp-json\/wp\/v2\/posts\/15535","targetHints":{"allow":["GET"]}}],"collection":[{"href":"https:\/\/www.kelmis.be\/fr\/wp-json\/wp\/v2\/posts"}],"about":[{"href":"https:\/\/www.kelmis.be\/fr\/wp-json\/wp\/v2\/types\/post"}],"author":[{"embeddable":true,"href":"https:\/\/www.kelmis.be\/fr\/wp-json\/wp\/v2\/users\/2"}],"replies":[{"embeddable":true,"href":"https:\/\/www.kelmis.be\/fr\/wp-json\/wp\/v2\/comments?post=15535"}],"version-history":[{"count":1,"href":"https:\/\/www.kelmis.be\/fr\/wp-json\/wp\/v2\/posts\/15535\/revisions"}],"predecessor-version":[{"id":15537,"href":"https:\/\/www.kelmis.be\/fr\/wp-json\/wp\/v2\/posts\/15535\/revisions\/15537"}],"wp:featuredmedia":[{"embeddable":true,"href":"https:\/\/www.kelmis.be\/fr\/wp-json\/wp\/v2\/media\/15536"}],"wp:attachment":[{"href":"https:\/\/www.kelmis.be\/fr\/wp-json\/wp\/v2\/media?parent=15535"}],"wp:term":[{"taxonomy":"category","embeddable":true,"href":"https:\/\/www.kelmis.be\/fr\/wp-json\/wp\/v2\/categories?post=15535"},{"taxonomy":"post_tag","embeddable":true,"href":"https:\/\/www.kelmis.be\/fr\/wp-json\/wp\/v2\/tags?post=15535"}],"curies":[{"name":"wp","href":"https:\/\/api.w.org\/{rel}","templated":true}]}}