{"id":15527,"date":"2025-02-01T17:32:01","date_gmt":"2025-02-01T16:32:01","guid":{"rendered":"https:\/\/www.kelmis.be\/?p=15527"},"modified":"2025-02-01T17:33:27","modified_gmt":"2025-02-01T16:33:27","slug":"le-service-eau-potable-et-finances-demenage-mardi-prochain","status":"publish","type":"post","link":"https:\/\/www.kelmis.be\/fr\/depuis-la-maison-communale\/le-service-eau-potable-et-finances-demenage-mardi-prochain","title":{"rendered":"Le service Eau potable et finances d\u00e9m\u00e9nage mardi prochain"},"content":{"rendered":"<p>Dans le cadre des travaux de transformation de la maison communale, un premier d\u00e9m\u00e9nagement aura lieu mardi prochain : Le service Eau potable et Finances ainsi que l&rsquo;administration de la R\u00e9gie communale autonome (RCA) quittent leur si\u00e8ge actuel (en face de l&rsquo;entr\u00e9e de la maison communale) pour s&rsquo;installer dans l&rsquo;ancien b\u00e2timent du CPAS, dans la cour int\u00e9rieure de la maison communale. Mardi prochain, les services ne seront donc pas accessibles. Mercredi, nos collaborateurs et collaboratrices seront \u00e0 nouveau \u00e0 votre disposition, dans un nouvel environnement. Les personnes qui souhaitent se rendre au service Eau potable et Finances ou \u00e0 l&rsquo;AGR \u00e0 partir de mercredi prochain doivent s&rsquo;annoncer au pr\u00e9alable \u00e0 la r\u00e9ception de la maison communale. Pour plus d&rsquo;informations : 087\/639 810.<\/p>\n","protected":false},"excerpt":{"rendered":"Dans le cadre des travaux de transformation de la maison communale, un premier d\u00e9m\u00e9nagement aura lieu mardi prochain : Le service Eau potable et Finances ainsi que l&rsquo;administration de la R\u00e9gie communale autonome (RCA) quittent leur si\u00e8ge actuel (en face de l&rsquo;entr\u00e9e de la maison communale) pour s&rsquo;installer dans l&rsquo;ancien b\u00e2timent du CPAS, dans la [&hellip;]","protected":false},"author":2,"featured_media":15528,"comment_status":"closed","ping_status":"closed","sticky":false,"template":"","format":"standard","meta":{"_acf_changed":false,"footnotes":""},"categories":[71],"tags":[],"class_list":["post-15527","post","type-post","status-publish","format-standard","has-post-thumbnail","hentry","category-depuis-la-maison-communale"],"acf":[],"_links":{"self":[{"href":"https:\/\/www.kelmis.be\/fr\/wp-json\/wp\/v2\/posts\/15527","targetHints":{"allow":["GET"]}}],"collection":[{"href":"https:\/\/www.kelmis.be\/fr\/wp-json\/wp\/v2\/posts"}],"about":[{"href":"https:\/\/www.kelmis.be\/fr\/wp-json\/wp\/v2\/types\/post"}],"author":[{"embeddable":true,"href":"https:\/\/www.kelmis.be\/fr\/wp-json\/wp\/v2\/users\/2"}],"replies":[{"embeddable":true,"href":"https:\/\/www.kelmis.be\/fr\/wp-json\/wp\/v2\/comments?post=15527"}],"version-history":[{"count":1,"href":"https:\/\/www.kelmis.be\/fr\/wp-json\/wp\/v2\/posts\/15527\/revisions"}],"predecessor-version":[{"id":15529,"href":"https:\/\/www.kelmis.be\/fr\/wp-json\/wp\/v2\/posts\/15527\/revisions\/15529"}],"wp:featuredmedia":[{"embeddable":true,"href":"https:\/\/www.kelmis.be\/fr\/wp-json\/wp\/v2\/media\/15528"}],"wp:attachment":[{"href":"https:\/\/www.kelmis.be\/fr\/wp-json\/wp\/v2\/media?parent=15527"}],"wp:term":[{"taxonomy":"category","embeddable":true,"href":"https:\/\/www.kelmis.be\/fr\/wp-json\/wp\/v2\/categories?post=15527"},{"taxonomy":"post_tag","embeddable":true,"href":"https:\/\/www.kelmis.be\/fr\/wp-json\/wp\/v2\/tags?post=15527"}],"curies":[{"name":"wp","href":"https:\/\/api.w.org\/{rel}","templated":true}]}}