{"id":15515,"date":"2025-01-27T16:44:01","date_gmt":"2025-01-27T15:44:01","guid":{"rendered":"https:\/\/www.kelmis.be\/?p=15515"},"modified":"2025-01-27T16:44:01","modified_gmt":"2025-01-27T15:44:01","slug":"travaux-de-fibre-optique-dans-la-rue-dastenet","status":"publish","type":"post","link":"https:\/\/www.kelmis.be\/fr\/actualite-dans-la-commune\/travaux-de-fibre-optique-dans-la-rue-dastenet","title":{"rendered":"Travaux de fibre optique dans la rue d&rsquo;Astenet"},"content":{"rendered":"<p>Cette semaine, probablement \u00e0 partir de demain, l&rsquo;extension du r\u00e9seau de fibre optique se poursuit dans notre commune. Plus pr\u00e9cis\u00e9ment dans la rue d&rsquo;Astenet, en montant sur le c\u00f4t\u00e9 droit. De plus, une travers\u00e9e de voirie est pr\u00e9vue \u00e0 la hauteur de l&rsquo;\u00e9tang\/parking de la cr\u00e8che. Pendant la dur\u00e9e du chantier, des feux de signalisation seront mis en place. L\u2019entreprise Glasfaser Ostbelgien est responsable des travaux.<\/p>\n","protected":false},"excerpt":{"rendered":"Cette semaine, probablement \u00e0 partir de demain, l&rsquo;extension du r\u00e9seau de fibre optique se poursuit dans notre commune. Plus pr\u00e9cis\u00e9ment dans la rue d&rsquo;Astenet, en montant sur le c\u00f4t\u00e9 droit. De plus, une travers\u00e9e de voirie est pr\u00e9vue \u00e0 la hauteur de l&rsquo;\u00e9tang\/parking de la cr\u00e8che. Pendant la dur\u00e9e du chantier, des feux de signalisation [&hellip;]","protected":false},"author":2,"featured_media":15516,"comment_status":"closed","ping_status":"closed","sticky":false,"template":"","format":"standard","meta":{"_acf_changed":false,"footnotes":""},"categories":[70],"tags":[],"class_list":["post-15515","post","type-post","status-publish","format-standard","has-post-thumbnail","hentry","category-actualite-dans-la-commune"],"acf":[],"_links":{"self":[{"href":"https:\/\/www.kelmis.be\/fr\/wp-json\/wp\/v2\/posts\/15515","targetHints":{"allow":["GET"]}}],"collection":[{"href":"https:\/\/www.kelmis.be\/fr\/wp-json\/wp\/v2\/posts"}],"about":[{"href":"https:\/\/www.kelmis.be\/fr\/wp-json\/wp\/v2\/types\/post"}],"author":[{"embeddable":true,"href":"https:\/\/www.kelmis.be\/fr\/wp-json\/wp\/v2\/users\/2"}],"replies":[{"embeddable":true,"href":"https:\/\/www.kelmis.be\/fr\/wp-json\/wp\/v2\/comments?post=15515"}],"version-history":[{"count":1,"href":"https:\/\/www.kelmis.be\/fr\/wp-json\/wp\/v2\/posts\/15515\/revisions"}],"predecessor-version":[{"id":15517,"href":"https:\/\/www.kelmis.be\/fr\/wp-json\/wp\/v2\/posts\/15515\/revisions\/15517"}],"wp:featuredmedia":[{"embeddable":true,"href":"https:\/\/www.kelmis.be\/fr\/wp-json\/wp\/v2\/media\/15516"}],"wp:attachment":[{"href":"https:\/\/www.kelmis.be\/fr\/wp-json\/wp\/v2\/media?parent=15515"}],"wp:term":[{"taxonomy":"category","embeddable":true,"href":"https:\/\/www.kelmis.be\/fr\/wp-json\/wp\/v2\/categories?post=15515"},{"taxonomy":"post_tag","embeddable":true,"href":"https:\/\/www.kelmis.be\/fr\/wp-json\/wp\/v2\/tags?post=15515"}],"curies":[{"name":"wp","href":"https:\/\/api.w.org\/{rel}","templated":true}]}}