{"id":15482,"date":"2025-01-22T12:55:09","date_gmt":"2025-01-22T11:55:09","guid":{"rendered":"https:\/\/www.kelmis.be\/?p=15482"},"modified":"2025-01-22T13:00:01","modified_gmt":"2025-01-22T12:00:01","slug":"le-service-public-de-wallonie-a-refuse-le-projet-dassainissement-ohn","status":"publish","type":"post","link":"https:\/\/www.kelmis.be\/fr\/depuis-la-maison-communale\/le-service-public-de-wallonie-a-refuse-le-projet-dassainissement-ohn","title":{"rendered":"Le Service public de Wallonie a refus\u00e9 le projet d\u2019assainissement Ohn"},"content":{"rendered":"<p>L\u2019administration communale informe la population que le Service public de Wallonie a refus\u00e9, en date du 14 janvier 2025, le projet d\u2019assainissement introduit par le titulaire des obligations, Th\u00e9o Ohn, ayant trait \u00e0 un bien sis rue de Li\u00e8ge, 288 \u00e0 4720 La Calamine, cadastr\u00e9 Kelmis, Division 1, section A, n\u00b0 544 x 3, n\u00b0 544 B 4. Le projet consiste en l\u2019assainissement du sous-sol d\u2019une station-service.<\/p>\n<p>La d\u00e9cision peut \u00eatre consult\u00e9e au service Environnement de la commune, rue de l\u2019\u00c9glise, 31 \u00e0 4720 La Calamine.<\/p>\n","protected":false},"excerpt":{"rendered":"L\u2019administration communale informe la population que le Service public de Wallonie a refus\u00e9, en date du 14 janvier 2025, le projet d\u2019assainissement introduit par le titulaire des obligations, Th\u00e9o Ohn, ayant trait \u00e0 un bien sis rue de Li\u00e8ge, 288 \u00e0 4720 La Calamine, cadastr\u00e9 Kelmis, Division 1, section A, n\u00b0 544 x 3, n\u00b0 [&hellip;]","protected":false},"author":2,"featured_media":15483,"comment_status":"closed","ping_status":"closed","sticky":false,"template":"","format":"standard","meta":{"_acf_changed":false,"footnotes":""},"categories":[71],"tags":[],"class_list":["post-15482","post","type-post","status-publish","format-standard","has-post-thumbnail","hentry","category-depuis-la-maison-communale"],"acf":[],"_links":{"self":[{"href":"https:\/\/www.kelmis.be\/fr\/wp-json\/wp\/v2\/posts\/15482","targetHints":{"allow":["GET"]}}],"collection":[{"href":"https:\/\/www.kelmis.be\/fr\/wp-json\/wp\/v2\/posts"}],"about":[{"href":"https:\/\/www.kelmis.be\/fr\/wp-json\/wp\/v2\/types\/post"}],"author":[{"embeddable":true,"href":"https:\/\/www.kelmis.be\/fr\/wp-json\/wp\/v2\/users\/2"}],"replies":[{"embeddable":true,"href":"https:\/\/www.kelmis.be\/fr\/wp-json\/wp\/v2\/comments?post=15482"}],"version-history":[{"count":3,"href":"https:\/\/www.kelmis.be\/fr\/wp-json\/wp\/v2\/posts\/15482\/revisions"}],"predecessor-version":[{"id":15486,"href":"https:\/\/www.kelmis.be\/fr\/wp-json\/wp\/v2\/posts\/15482\/revisions\/15486"}],"wp:featuredmedia":[{"embeddable":true,"href":"https:\/\/www.kelmis.be\/fr\/wp-json\/wp\/v2\/media\/15483"}],"wp:attachment":[{"href":"https:\/\/www.kelmis.be\/fr\/wp-json\/wp\/v2\/media?parent=15482"}],"wp:term":[{"taxonomy":"category","embeddable":true,"href":"https:\/\/www.kelmis.be\/fr\/wp-json\/wp\/v2\/categories?post=15482"},{"taxonomy":"post_tag","embeddable":true,"href":"https:\/\/www.kelmis.be\/fr\/wp-json\/wp\/v2\/tags?post=15482"}],"curies":[{"name":"wp","href":"https:\/\/api.w.org\/{rel}","templated":true}]}}