{"id":15458,"date":"2025-01-21T13:36:12","date_gmt":"2025-01-21T12:36:12","guid":{"rendered":"https:\/\/www.kelmis.be\/?p=15458"},"modified":"2025-01-21T13:36:12","modified_gmt":"2025-01-21T12:36:12","slug":"residences-services-travaux-de-deblaiement-termines","status":"publish","type":"post","link":"https:\/\/www.kelmis.be\/fr\/actualite-dans-la-commune\/residences-services-travaux-de-deblaiement-termines","title":{"rendered":"\u00ab R\u00e9sidences services \u00bb : travaux de d\u00e9blaiement termin\u00e9s"},"content":{"rendered":"<p>Sur la place de l&rsquo;\u00c9glise, les derniers travaux de d\u00e9blaiement sur le terrain du projet \u00ab r\u00e9sidences services \u00bb viennent de s&rsquo;achever. Apr\u00e8s l&rsquo;abattage de quelques arbres, des troncs de bois ont d\u00fb \u00eatre \u00e9vacu\u00e9s. Les travaux de construction proprement dits commenceront en avril. En amont, le chantier sera install\u00e9 sur la place de l&rsquo;\u00c9glise.<\/p>\n","protected":false},"excerpt":{"rendered":"Sur la place de l&rsquo;\u00c9glise, les derniers travaux de d\u00e9blaiement sur le terrain du projet \u00ab r\u00e9sidences services \u00bb viennent de s&rsquo;achever. Apr\u00e8s l&rsquo;abattage de quelques arbres, des troncs de bois ont d\u00fb \u00eatre \u00e9vacu\u00e9s. Les travaux de construction proprement dits commenceront en avril. En amont, le chantier sera install\u00e9 sur la place de l&rsquo;\u00c9glise.","protected":false},"author":2,"featured_media":15459,"comment_status":"closed","ping_status":"closed","sticky":false,"template":"","format":"standard","meta":{"_acf_changed":false,"footnotes":""},"categories":[70],"tags":[],"class_list":["post-15458","post","type-post","status-publish","format-standard","has-post-thumbnail","hentry","category-actualite-dans-la-commune"],"acf":[],"_links":{"self":[{"href":"https:\/\/www.kelmis.be\/fr\/wp-json\/wp\/v2\/posts\/15458","targetHints":{"allow":["GET"]}}],"collection":[{"href":"https:\/\/www.kelmis.be\/fr\/wp-json\/wp\/v2\/posts"}],"about":[{"href":"https:\/\/www.kelmis.be\/fr\/wp-json\/wp\/v2\/types\/post"}],"author":[{"embeddable":true,"href":"https:\/\/www.kelmis.be\/fr\/wp-json\/wp\/v2\/users\/2"}],"replies":[{"embeddable":true,"href":"https:\/\/www.kelmis.be\/fr\/wp-json\/wp\/v2\/comments?post=15458"}],"version-history":[{"count":1,"href":"https:\/\/www.kelmis.be\/fr\/wp-json\/wp\/v2\/posts\/15458\/revisions"}],"predecessor-version":[{"id":15460,"href":"https:\/\/www.kelmis.be\/fr\/wp-json\/wp\/v2\/posts\/15458\/revisions\/15460"}],"wp:featuredmedia":[{"embeddable":true,"href":"https:\/\/www.kelmis.be\/fr\/wp-json\/wp\/v2\/media\/15459"}],"wp:attachment":[{"href":"https:\/\/www.kelmis.be\/fr\/wp-json\/wp\/v2\/media?parent=15458"}],"wp:term":[{"taxonomy":"category","embeddable":true,"href":"https:\/\/www.kelmis.be\/fr\/wp-json\/wp\/v2\/categories?post=15458"},{"taxonomy":"post_tag","embeddable":true,"href":"https:\/\/www.kelmis.be\/fr\/wp-json\/wp\/v2\/tags?post=15458"}],"curies":[{"name":"wp","href":"https:\/\/api.w.org\/{rel}","templated":true}]}}