{"id":15431,"date":"2025-01-17T22:17:48","date_gmt":"2025-01-17T21:17:48","guid":{"rendered":"https:\/\/www.kelmis.be\/?p=15431"},"modified":"2025-01-20T10:26:58","modified_gmt":"2025-01-20T09:26:58","slug":"reception-du-nouvel-an-avec-de-nombreuses-mises-a-lhonneur","status":"publish","type":"post","link":"https:\/\/www.kelmis.be\/fr\/actualite-dans-la-commune\/reception-du-nouvel-an-avec-de-nombreuses-mises-a-lhonneur","title":{"rendered":"R\u00e9ception du Nouvel An avec de nombreuses mises \u00e0 l&rsquo;honneur"},"content":{"rendered":"<p>Ce soir, notre r\u00e9ception de Nouvel An a eu lieu au Patronage. Outre le discours de notre bourgmestre Daniel Hilligsmann, plusieurs collaborateurs et collaboratrices ont \u00e9t\u00e9 honor\u00e9s pour leur engagement de longue date au service de la commune (par ordre alphab\u00e9tique) : Thierry Barth, Yvonne Becker, Patrick Creutz, S\u00e9bastien Havenith, Mich\u00e8le Klinkenberg, Marc Krauth, Willy Lousberg, Gerwin Poth, Cornelia Ripkens, Muriel Seffer, Nicole Thomson.<\/p>\n<p>Des prix d&rsquo;honneur ont par contre \u00e9t\u00e9 d\u00e9cern\u00e9s aux dames du VBC Calaminia (sport) et \u00e0 Emdygo (b\u00e9n\u00e9volat).<\/p>\n<p>F\u00e9licitations \u00e0 toutes et \u00e0 tous.<\/p>\n","protected":false},"excerpt":{"rendered":"Ce soir, notre r\u00e9ception de Nouvel An a eu lieu au Patronage. Outre le discours de notre bourgmestre Daniel Hilligsmann, plusieurs collaborateurs et collaboratrices ont \u00e9t\u00e9 honor\u00e9s pour leur engagement de longue date au service de la commune (par ordre alphab\u00e9tique) : Thierry Barth, Yvonne Becker, Patrick Creutz, S\u00e9bastien Havenith, Mich\u00e8le Klinkenberg, Marc Krauth, Willy [&hellip;]","protected":false},"author":2,"featured_media":15432,"comment_status":"closed","ping_status":"closed","sticky":false,"template":"","format":"standard","meta":{"_acf_changed":false,"footnotes":""},"categories":[70],"tags":[],"class_list":["post-15431","post","type-post","status-publish","format-standard","has-post-thumbnail","hentry","category-actualite-dans-la-commune"],"acf":[],"_links":{"self":[{"href":"https:\/\/www.kelmis.be\/fr\/wp-json\/wp\/v2\/posts\/15431","targetHints":{"allow":["GET"]}}],"collection":[{"href":"https:\/\/www.kelmis.be\/fr\/wp-json\/wp\/v2\/posts"}],"about":[{"href":"https:\/\/www.kelmis.be\/fr\/wp-json\/wp\/v2\/types\/post"}],"author":[{"embeddable":true,"href":"https:\/\/www.kelmis.be\/fr\/wp-json\/wp\/v2\/users\/2"}],"replies":[{"embeddable":true,"href":"https:\/\/www.kelmis.be\/fr\/wp-json\/wp\/v2\/comments?post=15431"}],"version-history":[{"count":3,"href":"https:\/\/www.kelmis.be\/fr\/wp-json\/wp\/v2\/posts\/15431\/revisions"}],"predecessor-version":[{"id":15451,"href":"https:\/\/www.kelmis.be\/fr\/wp-json\/wp\/v2\/posts\/15431\/revisions\/15451"}],"wp:featuredmedia":[{"embeddable":true,"href":"https:\/\/www.kelmis.be\/fr\/wp-json\/wp\/v2\/media\/15432"}],"wp:attachment":[{"href":"https:\/\/www.kelmis.be\/fr\/wp-json\/wp\/v2\/media?parent=15431"}],"wp:term":[{"taxonomy":"category","embeddable":true,"href":"https:\/\/www.kelmis.be\/fr\/wp-json\/wp\/v2\/categories?post=15431"},{"taxonomy":"post_tag","embeddable":true,"href":"https:\/\/www.kelmis.be\/fr\/wp-json\/wp\/v2\/tags?post=15431"}],"curies":[{"name":"wp","href":"https:\/\/api.w.org\/{rel}","templated":true}]}}