{"id":15380,"date":"2025-01-14T10:09:07","date_gmt":"2025-01-14T09:09:07","guid":{"rendered":"https:\/\/www.kelmis.be\/?p=15380"},"modified":"2025-01-14T10:09:07","modified_gmt":"2025-01-14T09:09:07","slug":"residences-services-sur-la-place-de-leglise-les-travaux-dabattage-ont-commence","status":"publish","type":"post","link":"https:\/\/www.kelmis.be\/fr\/actualite-dans-la-commune\/residences-services-sur-la-place-de-leglise-les-travaux-dabattage-ont-commence","title":{"rendered":"\u00ab R\u00e9sidences services \u00bb sur la place de l&rsquo;\u00c9glise : les travaux d&rsquo;abattage ont commenc\u00e9"},"content":{"rendered":"<p>Ce matin, les travaux d&rsquo;abattage des arbres n\u00e9cessaires \u00e0 la mise en \u0153uvre du projet \u00ab r\u00e9sidences services \u00bb ont commenc\u00e9 sur la place de l&rsquo;\u00c9glise. Les travaux se d\u00e9roulent sur le terrain, \u00e0 gauche des b\u00e2timents \u00e0 d\u00e9molir. Les arbres (tous jusqu&rsquo;\u00e0 la hauteur du panneau de construction, \u00e0 gauche sur le parking) seront abattus au plus tard la semaine prochaine. Le broyage des restes de bois peut \u00eatre bruyant. Le d\u00e9but des travaux proprement dits pour le projet \u00ab r\u00e9sidences services \u00bb est pr\u00e9vu pour avril.<\/p>\n","protected":false},"excerpt":{"rendered":"Ce matin, les travaux d&rsquo;abattage des arbres n\u00e9cessaires \u00e0 la mise en \u0153uvre du projet \u00ab r\u00e9sidences services \u00bb ont commenc\u00e9 sur la place de l&rsquo;\u00c9glise. Les travaux se d\u00e9roulent sur le terrain, \u00e0 gauche des b\u00e2timents \u00e0 d\u00e9molir. Les arbres (tous jusqu&rsquo;\u00e0 la hauteur du panneau de construction, \u00e0 gauche sur le parking) seront [&hellip;]","protected":false},"author":2,"featured_media":15381,"comment_status":"closed","ping_status":"closed","sticky":false,"template":"","format":"standard","meta":{"_acf_changed":false,"footnotes":""},"categories":[70],"tags":[],"class_list":["post-15380","post","type-post","status-publish","format-standard","has-post-thumbnail","hentry","category-actualite-dans-la-commune"],"acf":[],"_links":{"self":[{"href":"https:\/\/www.kelmis.be\/fr\/wp-json\/wp\/v2\/posts\/15380","targetHints":{"allow":["GET"]}}],"collection":[{"href":"https:\/\/www.kelmis.be\/fr\/wp-json\/wp\/v2\/posts"}],"about":[{"href":"https:\/\/www.kelmis.be\/fr\/wp-json\/wp\/v2\/types\/post"}],"author":[{"embeddable":true,"href":"https:\/\/www.kelmis.be\/fr\/wp-json\/wp\/v2\/users\/2"}],"replies":[{"embeddable":true,"href":"https:\/\/www.kelmis.be\/fr\/wp-json\/wp\/v2\/comments?post=15380"}],"version-history":[{"count":1,"href":"https:\/\/www.kelmis.be\/fr\/wp-json\/wp\/v2\/posts\/15380\/revisions"}],"predecessor-version":[{"id":15385,"href":"https:\/\/www.kelmis.be\/fr\/wp-json\/wp\/v2\/posts\/15380\/revisions\/15385"}],"wp:featuredmedia":[{"embeddable":true,"href":"https:\/\/www.kelmis.be\/fr\/wp-json\/wp\/v2\/media\/15381"}],"wp:attachment":[{"href":"https:\/\/www.kelmis.be\/fr\/wp-json\/wp\/v2\/media?parent=15380"}],"wp:term":[{"taxonomy":"category","embeddable":true,"href":"https:\/\/www.kelmis.be\/fr\/wp-json\/wp\/v2\/categories?post=15380"},{"taxonomy":"post_tag","embeddable":true,"href":"https:\/\/www.kelmis.be\/fr\/wp-json\/wp\/v2\/tags?post=15380"}],"curies":[{"name":"wp","href":"https:\/\/api.w.org\/{rel}","templated":true}]}}