{"id":15346,"date":"2025-01-09T15:49:45","date_gmt":"2025-01-09T14:49:45","guid":{"rendered":"https:\/\/www.kelmis.be\/?p=15346"},"modified":"2025-01-09T16:08:13","modified_gmt":"2025-01-09T15:08:13","slug":"actions-contre-les-plans-de-pension-federaux-les-ecoles-communales-fermees-lundi-prochain","status":"publish","type":"post","link":"https:\/\/www.kelmis.be\/fr\/actualite-dans-la-commune\/actions-contre-les-plans-de-pension-federaux-les-ecoles-communales-fermees-lundi-prochain","title":{"rendered":"Actions contre les plans de pension f\u00e9d\u00e9raux : Les \u00e9coles communales ferm\u00e9es lundi prochain"},"content":{"rendered":"<p>Dans le cadre des actions nationales, lundi prochain, contre les plans de pension pr\u00e9vus par la nouvelle majorit\u00e9 f\u00e9d\u00e9rale les \u00e9coles communales de Hergenrath et La Calamine seront ferm\u00e9es. Une garde n\u2019est pas organis\u00e9e. Les parents et les enfants ont \u00e9t\u00e9 inform\u00e9s au pr\u00e9alable.<\/p>\n","protected":false},"excerpt":{"rendered":"Dans le cadre des actions nationales, lundi prochain, contre les plans de pension pr\u00e9vus par la nouvelle majorit\u00e9 f\u00e9d\u00e9rale les \u00e9coles communales de Hergenrath et La Calamine seront ferm\u00e9es. Une garde n\u2019est pas organis\u00e9e. Les parents et les enfants ont \u00e9t\u00e9 inform\u00e9s au pr\u00e9alable.","protected":false},"author":2,"featured_media":15347,"comment_status":"closed","ping_status":"closed","sticky":false,"template":"","format":"standard","meta":{"_acf_changed":false,"footnotes":""},"categories":[70],"tags":[],"class_list":["post-15346","post","type-post","status-publish","format-standard","has-post-thumbnail","hentry","category-actualite-dans-la-commune"],"acf":[],"_links":{"self":[{"href":"https:\/\/www.kelmis.be\/fr\/wp-json\/wp\/v2\/posts\/15346","targetHints":{"allow":["GET"]}}],"collection":[{"href":"https:\/\/www.kelmis.be\/fr\/wp-json\/wp\/v2\/posts"}],"about":[{"href":"https:\/\/www.kelmis.be\/fr\/wp-json\/wp\/v2\/types\/post"}],"author":[{"embeddable":true,"href":"https:\/\/www.kelmis.be\/fr\/wp-json\/wp\/v2\/users\/2"}],"replies":[{"embeddable":true,"href":"https:\/\/www.kelmis.be\/fr\/wp-json\/wp\/v2\/comments?post=15346"}],"version-history":[{"count":1,"href":"https:\/\/www.kelmis.be\/fr\/wp-json\/wp\/v2\/posts\/15346\/revisions"}],"predecessor-version":[{"id":15348,"href":"https:\/\/www.kelmis.be\/fr\/wp-json\/wp\/v2\/posts\/15346\/revisions\/15348"}],"wp:featuredmedia":[{"embeddable":true,"href":"https:\/\/www.kelmis.be\/fr\/wp-json\/wp\/v2\/media\/15347"}],"wp:attachment":[{"href":"https:\/\/www.kelmis.be\/fr\/wp-json\/wp\/v2\/media?parent=15346"}],"wp:term":[{"taxonomy":"category","embeddable":true,"href":"https:\/\/www.kelmis.be\/fr\/wp-json\/wp\/v2\/categories?post=15346"},{"taxonomy":"post_tag","embeddable":true,"href":"https:\/\/www.kelmis.be\/fr\/wp-json\/wp\/v2\/tags?post=15346"}],"curies":[{"name":"wp","href":"https:\/\/api.w.org\/{rel}","templated":true}]}}