{"id":15330,"date":"2025-01-09T13:59:46","date_gmt":"2025-01-09T12:59:46","guid":{"rendered":"https:\/\/www.kelmis.be\/?p=15330"},"modified":"2025-01-09T14:01:33","modified_gmt":"2025-01-09T13:01:33","slug":"15330","status":"publish","type":"post","link":"https:\/\/www.kelmis.be\/fr\/actualite-dans-la-commune\/15330","title":{"rendered":"March\u00e9 hebdomadaire dans la neige"},"content":{"rendered":"<p>March\u00e9 hebdomadaire exceptionnel aujourd&rsquo;hui sur la place de l&rsquo;\u00c9glise : en raison des fortes chutes de neige, seuls deux commer\u00e7ants ont fait le d\u00e9placement. La boulangerie Born \u00e9tait pr\u00e9sente, tout comme le marchand de fromage Vincent Bonhomme (Cheese Place) de Verviers\/Maison Bois.<br \/>\n\u00ab J&rsquo;ai eu environ 45 clients \u00bb, explique Vincent Bonhomme. \u00ab Normalement, c&rsquo;est le double \u00bb. Il n&rsquo;a jamais pass\u00e9 \u00e0 annuler sa venue en raison de la m\u00e9t\u00e9o. \u00ab Je viens pour mes clients \u00bb. L&rsquo;ann\u00e9e derni\u00e8re, poursuit le Vervi\u00e9tois, il lui est m\u00eame arriv\u00e9 d&rsquo;\u00eatre tout seul sur un march\u00e9 hebdomadaire par temps de neige. \u00ab C&rsquo;\u00e9tait un mercredi \u00e0 Dolhain. Il n&rsquo;y avait que moi \u00bb.<br \/>\nLa boulangerie Born \u00e9tait \u00e9galement pr\u00e9sente ce matin. Nadine et Raymonde Born accueillaient les client et clientes. \u00ab Nous avons vendu un peu moins que d&rsquo;habitude. Nous pouvons toujours compter sur notre client\u00e8le habituelle \u00bb. En raison des fortes chutes de neige, Nadine a demand\u00e9 \u00e0 sa m\u00e8re Raymonde de rentrer un peu plus t\u00f4t pour ne pas prendre de risques dans la circulation. \u00ab Elle m&rsquo;a appel\u00e9 quand elle est arriv\u00e9e \u00e0 la maison \u00bb.<br \/>\nNous remercions la boulangerie Born, Vincent Bonhomme et tous les clients\/clientes pour leur venue<\/p>\n","protected":false},"excerpt":{"rendered":"March\u00e9 hebdomadaire exceptionnel aujourd&rsquo;hui sur la place de l&rsquo;\u00c9glise : en raison des fortes chutes de neige, seuls deux commer\u00e7ants ont fait le d\u00e9placement. La boulangerie Born \u00e9tait pr\u00e9sente, tout comme le marchand de fromage Vincent Bonhomme (Cheese Place) de Verviers\/Maison Bois. \u00ab J&rsquo;ai eu environ 45 clients \u00bb, explique Vincent Bonhomme. \u00ab Normalement, c&rsquo;est [&hellip;]","protected":false},"author":2,"featured_media":15331,"comment_status":"closed","ping_status":"closed","sticky":false,"template":"","format":"standard","meta":{"_acf_changed":false,"footnotes":""},"categories":[70],"tags":[],"class_list":["post-15330","post","type-post","status-publish","format-standard","has-post-thumbnail","hentry","category-actualite-dans-la-commune"],"acf":[],"_links":{"self":[{"href":"https:\/\/www.kelmis.be\/fr\/wp-json\/wp\/v2\/posts\/15330","targetHints":{"allow":["GET"]}}],"collection":[{"href":"https:\/\/www.kelmis.be\/fr\/wp-json\/wp\/v2\/posts"}],"about":[{"href":"https:\/\/www.kelmis.be\/fr\/wp-json\/wp\/v2\/types\/post"}],"author":[{"embeddable":true,"href":"https:\/\/www.kelmis.be\/fr\/wp-json\/wp\/v2\/users\/2"}],"replies":[{"embeddable":true,"href":"https:\/\/www.kelmis.be\/fr\/wp-json\/wp\/v2\/comments?post=15330"}],"version-history":[{"count":3,"href":"https:\/\/www.kelmis.be\/fr\/wp-json\/wp\/v2\/posts\/15330\/revisions"}],"predecessor-version":[{"id":15336,"href":"https:\/\/www.kelmis.be\/fr\/wp-json\/wp\/v2\/posts\/15330\/revisions\/15336"}],"wp:featuredmedia":[{"embeddable":true,"href":"https:\/\/www.kelmis.be\/fr\/wp-json\/wp\/v2\/media\/15331"}],"wp:attachment":[{"href":"https:\/\/www.kelmis.be\/fr\/wp-json\/wp\/v2\/media?parent=15330"}],"wp:term":[{"taxonomy":"category","embeddable":true,"href":"https:\/\/www.kelmis.be\/fr\/wp-json\/wp\/v2\/categories?post=15330"},{"taxonomy":"post_tag","embeddable":true,"href":"https:\/\/www.kelmis.be\/fr\/wp-json\/wp\/v2\/tags?post=15330"}],"curies":[{"name":"wp","href":"https:\/\/api.w.org\/{rel}","templated":true}]}}