{"id":15321,"date":"2025-01-07T15:49:30","date_gmt":"2025-01-07T14:49:30","guid":{"rendered":"https:\/\/www.kelmis.be\/?p=15321"},"modified":"2025-01-07T15:50:27","modified_gmt":"2025-01-07T14:50:27","slug":"repas-de-midi-a-la-residence-leoni-les-changements-a-partir-du-17-fevrier","status":"publish","type":"post","link":"https:\/\/www.kelmis.be\/fr\/actualite-dans-la-commune\/repas-de-midi-a-la-residence-leoni-les-changements-a-partir-du-17-fevrier","title":{"rendered":"Repas de midi \u00e0 la R\u00e9sidence Leoni : les changements \u00e0 partir du 17 f\u00e9vrier"},"content":{"rendered":"<p>La R\u00e9sidence Leoni vous informe qu&rsquo;\u00e0 partir du 17 f\u00e9vrier, le repas de midi sera propos\u00e9 du lundi au vendredi pour un total de 20 personnes.<br \/>\nLes inscriptions seront prises le troisi\u00e8me vendredi du mois entre 8h30 et 11h30, soit par t\u00e9l\u00e9phone (087\/32 69 00), soit en personne \u00e0 l&rsquo;administration de la r\u00e9sidence.<br \/>\nLe prix du repas reste fix\u00e9 \u00e0 8,50 euros.<\/p>\n","protected":false},"excerpt":{"rendered":"La R\u00e9sidence Leoni vous informe qu&rsquo;\u00e0 partir du 17 f\u00e9vrier, le repas de midi sera propos\u00e9 du lundi au vendredi pour un total de 20 personnes. Les inscriptions seront prises le troisi\u00e8me vendredi du mois entre 8h30 et 11h30, soit par t\u00e9l\u00e9phone (087\/32 69 00), soit en personne \u00e0 l&rsquo;administration de la r\u00e9sidence. Le prix [&hellip;]","protected":false},"author":2,"featured_media":15323,"comment_status":"closed","ping_status":"closed","sticky":false,"template":"","format":"standard","meta":{"_acf_changed":false,"footnotes":""},"categories":[70],"tags":[],"class_list":["post-15321","post","type-post","status-publish","format-standard","has-post-thumbnail","hentry","category-actualite-dans-la-commune"],"acf":[],"_links":{"self":[{"href":"https:\/\/www.kelmis.be\/fr\/wp-json\/wp\/v2\/posts\/15321","targetHints":{"allow":["GET"]}}],"collection":[{"href":"https:\/\/www.kelmis.be\/fr\/wp-json\/wp\/v2\/posts"}],"about":[{"href":"https:\/\/www.kelmis.be\/fr\/wp-json\/wp\/v2\/types\/post"}],"author":[{"embeddable":true,"href":"https:\/\/www.kelmis.be\/fr\/wp-json\/wp\/v2\/users\/2"}],"replies":[{"embeddable":true,"href":"https:\/\/www.kelmis.be\/fr\/wp-json\/wp\/v2\/comments?post=15321"}],"version-history":[{"count":1,"href":"https:\/\/www.kelmis.be\/fr\/wp-json\/wp\/v2\/posts\/15321\/revisions"}],"predecessor-version":[{"id":15324,"href":"https:\/\/www.kelmis.be\/fr\/wp-json\/wp\/v2\/posts\/15321\/revisions\/15324"}],"wp:featuredmedia":[{"embeddable":true,"href":"https:\/\/www.kelmis.be\/fr\/wp-json\/wp\/v2\/media\/15323"}],"wp:attachment":[{"href":"https:\/\/www.kelmis.be\/fr\/wp-json\/wp\/v2\/media?parent=15321"}],"wp:term":[{"taxonomy":"category","embeddable":true,"href":"https:\/\/www.kelmis.be\/fr\/wp-json\/wp\/v2\/categories?post=15321"},{"taxonomy":"post_tag","embeddable":true,"href":"https:\/\/www.kelmis.be\/fr\/wp-json\/wp\/v2\/tags?post=15321"}],"curies":[{"name":"wp","href":"https:\/\/api.w.org\/{rel}","templated":true}]}}