{"id":15295,"date":"2025-01-01T00:09:20","date_gmt":"2024-12-31T23:09:20","guid":{"rendered":"https:\/\/www.kelmis.be\/?p=15295"},"modified":"2025-01-01T00:18:11","modified_gmt":"2024-12-31T23:18:11","slug":"une-bonne-annee-2025-a-tous-et-a-toutes","status":"publish","type":"post","link":"https:\/\/www.kelmis.be\/fr\/depuis-la-maison-communale\/une-bonne-annee-2025-a-tous-et-a-toutes","title":{"rendered":"Une bonne ann\u00e9e 2025 \u00e0 tous et \u00e0 toutes"},"content":{"rendered":"<p>Nos meilleurs voeux pour l&rsquo;ann\u00e9e 2025<\/p>\n","protected":false},"excerpt":{"rendered":"Nos meilleurs voeux pour l&rsquo;ann\u00e9e 2025","protected":false},"author":2,"featured_media":15296,"comment_status":"closed","ping_status":"closed","sticky":false,"template":"","format":"standard","meta":{"_acf_changed":false,"footnotes":""},"categories":[71],"tags":[],"class_list":["post-15295","post","type-post","status-publish","format-standard","has-post-thumbnail","hentry","category-depuis-la-maison-communale"],"acf":[],"_links":{"self":[{"href":"https:\/\/www.kelmis.be\/fr\/wp-json\/wp\/v2\/posts\/15295","targetHints":{"allow":["GET"]}}],"collection":[{"href":"https:\/\/www.kelmis.be\/fr\/wp-json\/wp\/v2\/posts"}],"about":[{"href":"https:\/\/www.kelmis.be\/fr\/wp-json\/wp\/v2\/types\/post"}],"author":[{"embeddable":true,"href":"https:\/\/www.kelmis.be\/fr\/wp-json\/wp\/v2\/users\/2"}],"replies":[{"embeddable":true,"href":"https:\/\/www.kelmis.be\/fr\/wp-json\/wp\/v2\/comments?post=15295"}],"version-history":[{"count":1,"href":"https:\/\/www.kelmis.be\/fr\/wp-json\/wp\/v2\/posts\/15295\/revisions"}],"predecessor-version":[{"id":15297,"href":"https:\/\/www.kelmis.be\/fr\/wp-json\/wp\/v2\/posts\/15295\/revisions\/15297"}],"wp:featuredmedia":[{"embeddable":true,"href":"https:\/\/www.kelmis.be\/fr\/wp-json\/wp\/v2\/media\/15296"}],"wp:attachment":[{"href":"https:\/\/www.kelmis.be\/fr\/wp-json\/wp\/v2\/media?parent=15295"}],"wp:term":[{"taxonomy":"category","embeddable":true,"href":"https:\/\/www.kelmis.be\/fr\/wp-json\/wp\/v2\/categories?post=15295"},{"taxonomy":"post_tag","embeddable":true,"href":"https:\/\/www.kelmis.be\/fr\/wp-json\/wp\/v2\/tags?post=15295"}],"curies":[{"name":"wp","href":"https:\/\/api.w.org\/{rel}","templated":true}]}}