{"id":15194,"date":"2024-12-16T15:51:23","date_gmt":"2024-12-16T14:51:23","guid":{"rendered":"https:\/\/www.kelmis.be\/?p=15194"},"modified":"2024-12-16T16:28:57","modified_gmt":"2024-12-16T15:28:57","slug":"les-feux-de-signalisation-au-carrefour-des-rues-thim-albert-et-de-leglise-ont-un-defaut-technique","status":"publish","type":"post","link":"https:\/\/www.kelmis.be\/fr\/circulation\/les-feux-de-signalisation-au-carrefour-des-rues-thim-albert-et-de-leglise-ont-un-defaut-technique","title":{"rendered":"Les feux de signalisation au carrefour des rues Thim, Albert et de l&rsquo;Eglise ont un d\u00e9faut technique"},"content":{"rendered":"<p>Les feux de signalisation au carrefour des rues Thim, Albert et de l&rsquo;Eglise ont un d\u00e9faut technique et ont \u00e9t\u00e9 commut\u00e9s en mode orange clignotant par notre d\u00e9p\u00f4t communal. L&rsquo;entreprise responsable a \u00e9t\u00e9 inform\u00e9e. Jusqu&rsquo;\u00e0 la r\u00e9paration de l&rsquo;installation, qui n&rsquo;est pas pr\u00e9vue avant demain, la priorit\u00e9 \u00e0 droite est de mise. Soyez prudents !<\/p>\n","protected":false},"excerpt":{"rendered":"Les feux de signalisation au carrefour des rues Thim, Albert et de l&rsquo;Eglise ont un d\u00e9faut technique et ont \u00e9t\u00e9 commut\u00e9s en mode orange clignotant par notre d\u00e9p\u00f4t communal. L&rsquo;entreprise responsable a \u00e9t\u00e9 inform\u00e9e. Jusqu&rsquo;\u00e0 la r\u00e9paration de l&rsquo;installation, qui n&rsquo;est pas pr\u00e9vue avant demain, la priorit\u00e9 \u00e0 droite est de mise. Soyez prudents !","protected":false},"author":2,"featured_media":15195,"comment_status":"closed","ping_status":"closed","sticky":false,"template":"","format":"standard","meta":{"_acf_changed":false,"footnotes":""},"categories":[74],"tags":[],"class_list":["post-15194","post","type-post","status-publish","format-standard","has-post-thumbnail","hentry","category-circulation"],"acf":[],"_links":{"self":[{"href":"https:\/\/www.kelmis.be\/fr\/wp-json\/wp\/v2\/posts\/15194","targetHints":{"allow":["GET"]}}],"collection":[{"href":"https:\/\/www.kelmis.be\/fr\/wp-json\/wp\/v2\/posts"}],"about":[{"href":"https:\/\/www.kelmis.be\/fr\/wp-json\/wp\/v2\/types\/post"}],"author":[{"embeddable":true,"href":"https:\/\/www.kelmis.be\/fr\/wp-json\/wp\/v2\/users\/2"}],"replies":[{"embeddable":true,"href":"https:\/\/www.kelmis.be\/fr\/wp-json\/wp\/v2\/comments?post=15194"}],"version-history":[{"count":1,"href":"https:\/\/www.kelmis.be\/fr\/wp-json\/wp\/v2\/posts\/15194\/revisions"}],"predecessor-version":[{"id":15197,"href":"https:\/\/www.kelmis.be\/fr\/wp-json\/wp\/v2\/posts\/15194\/revisions\/15197"}],"wp:featuredmedia":[{"embeddable":true,"href":"https:\/\/www.kelmis.be\/fr\/wp-json\/wp\/v2\/media\/15195"}],"wp:attachment":[{"href":"https:\/\/www.kelmis.be\/fr\/wp-json\/wp\/v2\/media?parent=15194"}],"wp:term":[{"taxonomy":"category","embeddable":true,"href":"https:\/\/www.kelmis.be\/fr\/wp-json\/wp\/v2\/categories?post=15194"},{"taxonomy":"post_tag","embeddable":true,"href":"https:\/\/www.kelmis.be\/fr\/wp-json\/wp\/v2\/tags?post=15194"}],"curies":[{"name":"wp","href":"https:\/\/api.w.org\/{rel}","templated":true}]}}