{"id":15188,"date":"2024-12-16T13:14:29","date_gmt":"2024-12-16T12:14:29","guid":{"rendered":"https:\/\/www.kelmis.be\/?p=15188"},"modified":"2024-12-19T18:03:55","modified_gmt":"2024-12-19T17:03:55","slug":"la-une-du-nouveau-kelmis-magazine-dediee-au-cafe-culte-ratskeller","status":"publish","type":"post","link":"https:\/\/www.kelmis.be\/fr\/actualite-dans-la-commune\/la-une-du-nouveau-kelmis-magazine-dediee-au-cafe-culte-ratskeller","title":{"rendered":"La Une du nouveau Kelmis magazine d\u00e9di\u00e9e au caf\u00e9 culte \u00ab Ratskeller \u00bb"},"content":{"rendered":"<p>La 16e \u00e9dition du magazine Kelmis est disponible. L&rsquo;article \u00e0 la une est consacr\u00e9 au caf\u00e9 culte \u00ab Ratskeller \u00bb et \u00e0 son patron Joseph Scheffers. D&rsquo;autres th\u00e8mes sont entre autres le probl\u00e8me des chats errants dans notre commune et l&rsquo;offre de l&rsquo;Acad\u00e9mie 50+ \u00e0 l&rsquo;\u00e9cole communale de Hergenrath. Vous trouverez le PDF du cahier dans la zone de t\u00e9l\u00e9chargement. Cela vaut aussi pour le calendrier interculturel. L\u2019\u00e9dition imprim\u00e9e sera distribu\u00e9e ces jours-ci par les Dance Feets. Bonne lecture.<\/p>\n","protected":false},"excerpt":{"rendered":"La 16e \u00e9dition du magazine Kelmis est disponible. L&rsquo;article \u00e0 la une est consacr\u00e9 au caf\u00e9 culte \u00ab Ratskeller \u00bb et \u00e0 son patron Joseph Scheffers. D&rsquo;autres th\u00e8mes sont entre autres le probl\u00e8me des chats errants dans notre commune et l&rsquo;offre de l&rsquo;Acad\u00e9mie 50+ \u00e0 l&rsquo;\u00e9cole communale de Hergenrath. Vous trouverez le PDF du cahier [&hellip;]","protected":false},"author":2,"featured_media":15189,"comment_status":"closed","ping_status":"closed","sticky":false,"template":"","format":"standard","meta":{"_acf_changed":false,"footnotes":""},"categories":[70],"tags":[],"class_list":["post-15188","post","type-post","status-publish","format-standard","has-post-thumbnail","hentry","category-actualite-dans-la-commune"],"acf":[],"_links":{"self":[{"href":"https:\/\/www.kelmis.be\/fr\/wp-json\/wp\/v2\/posts\/15188","targetHints":{"allow":["GET"]}}],"collection":[{"href":"https:\/\/www.kelmis.be\/fr\/wp-json\/wp\/v2\/posts"}],"about":[{"href":"https:\/\/www.kelmis.be\/fr\/wp-json\/wp\/v2\/types\/post"}],"author":[{"embeddable":true,"href":"https:\/\/www.kelmis.be\/fr\/wp-json\/wp\/v2\/users\/2"}],"replies":[{"embeddable":true,"href":"https:\/\/www.kelmis.be\/fr\/wp-json\/wp\/v2\/comments?post=15188"}],"version-history":[{"count":3,"href":"https:\/\/www.kelmis.be\/fr\/wp-json\/wp\/v2\/posts\/15188\/revisions"}],"predecessor-version":[{"id":15240,"href":"https:\/\/www.kelmis.be\/fr\/wp-json\/wp\/v2\/posts\/15188\/revisions\/15240"}],"wp:featuredmedia":[{"embeddable":true,"href":"https:\/\/www.kelmis.be\/fr\/wp-json\/wp\/v2\/media\/15189"}],"wp:attachment":[{"href":"https:\/\/www.kelmis.be\/fr\/wp-json\/wp\/v2\/media?parent=15188"}],"wp:term":[{"taxonomy":"category","embeddable":true,"href":"https:\/\/www.kelmis.be\/fr\/wp-json\/wp\/v2\/categories?post=15188"},{"taxonomy":"post_tag","embeddable":true,"href":"https:\/\/www.kelmis.be\/fr\/wp-json\/wp\/v2\/tags?post=15188"}],"curies":[{"name":"wp","href":"https:\/\/api.w.org\/{rel}","templated":true}]}}