{"id":15174,"date":"2024-12-16T11:55:42","date_gmt":"2024-12-16T10:55:42","guid":{"rendered":"https:\/\/www.kelmis.be\/?p=15174"},"modified":"2024-12-16T11:55:42","modified_gmt":"2024-12-16T10:55:42","slug":"le-conseil-communal-se-reunit-ce-soir-budget-2025-au-programme","status":"publish","type":"post","link":"https:\/\/www.kelmis.be\/fr\/depuis-la-maison-communale\/le-conseil-communal-se-reunit-ce-soir-budget-2025-au-programme","title":{"rendered":"Le conseil communal se r\u00e9unit ce soir &#8211; Budget 2025 au programme"},"content":{"rendered":"<p>Ce soir, notre conseil communal se r\u00e9unit \u00e0 20 heures dans la salle du conseil de la maison communale. Dix-neuf points sont \u00e0 l&rsquo;ordre du jour, dont l&rsquo;adoption du budget 2025. La s\u00e9ance sera retransmise en direct sur <strong><a href=\"https:\/\/youtube.com\/live\/lRwHpkJ5i4Q?feature=share\">notre cha\u00eene YouTube.<\/a><\/strong><\/p>\n","protected":false},"excerpt":{"rendered":"Ce soir, notre conseil communal se r\u00e9unit \u00e0 20 heures dans la salle du conseil de la maison communale. Dix-neuf points sont \u00e0 l&rsquo;ordre du jour, dont l&rsquo;adoption du budget 2025. La s\u00e9ance sera retransmise en direct sur notre cha\u00eene YouTube.","protected":false},"author":2,"featured_media":15175,"comment_status":"closed","ping_status":"closed","sticky":false,"template":"","format":"standard","meta":{"_acf_changed":false,"footnotes":""},"categories":[71],"tags":[],"class_list":["post-15174","post","type-post","status-publish","format-standard","has-post-thumbnail","hentry","category-depuis-la-maison-communale"],"acf":[],"_links":{"self":[{"href":"https:\/\/www.kelmis.be\/fr\/wp-json\/wp\/v2\/posts\/15174","targetHints":{"allow":["GET"]}}],"collection":[{"href":"https:\/\/www.kelmis.be\/fr\/wp-json\/wp\/v2\/posts"}],"about":[{"href":"https:\/\/www.kelmis.be\/fr\/wp-json\/wp\/v2\/types\/post"}],"author":[{"embeddable":true,"href":"https:\/\/www.kelmis.be\/fr\/wp-json\/wp\/v2\/users\/2"}],"replies":[{"embeddable":true,"href":"https:\/\/www.kelmis.be\/fr\/wp-json\/wp\/v2\/comments?post=15174"}],"version-history":[{"count":1,"href":"https:\/\/www.kelmis.be\/fr\/wp-json\/wp\/v2\/posts\/15174\/revisions"}],"predecessor-version":[{"id":15176,"href":"https:\/\/www.kelmis.be\/fr\/wp-json\/wp\/v2\/posts\/15174\/revisions\/15176"}],"wp:featuredmedia":[{"embeddable":true,"href":"https:\/\/www.kelmis.be\/fr\/wp-json\/wp\/v2\/media\/15175"}],"wp:attachment":[{"href":"https:\/\/www.kelmis.be\/fr\/wp-json\/wp\/v2\/media?parent=15174"}],"wp:term":[{"taxonomy":"category","embeddable":true,"href":"https:\/\/www.kelmis.be\/fr\/wp-json\/wp\/v2\/categories?post=15174"},{"taxonomy":"post_tag","embeddable":true,"href":"https:\/\/www.kelmis.be\/fr\/wp-json\/wp\/v2\/tags?post=15174"}],"curies":[{"name":"wp","href":"https:\/\/api.w.org\/{rel}","templated":true}]}}