{"id":15155,"date":"2024-12-12T10:37:13","date_gmt":"2024-12-12T09:37:13","guid":{"rendered":"https:\/\/www.kelmis.be\/?p=15155"},"modified":"2024-12-12T13:33:43","modified_gmt":"2024-12-12T12:33:43","slug":"la-collecte-des-sacs-pmc-retardee-aujourdhui","status":"publish","type":"post","link":"https:\/\/www.kelmis.be\/fr\/actualite-dans-la-commune\/la-collecte-des-sacs-pmc-retardee-aujourdhui","title":{"rendered":"La collecte des sacs PMC retard\u00e9e aujourd&rsquo;hui"},"content":{"rendered":"<p>En raison d&rsquo;un accident de la circulation \u00e0 Hergenrath, la collecte des sacs PMC, du papier et du carton sera effectu\u00e9e aujourd&rsquo;hui avec du retard. Les collaborateurs de Veolia ne pourront finir leur tourn\u00e9e aujourd&rsquo;hui et termineront leur travail vendredi.<\/p>\n","protected":false},"excerpt":{"rendered":"En raison d&rsquo;un accident de la circulation \u00e0 Hergenrath, la collecte des sacs PMC, du papier et du carton sera effectu\u00e9e aujourd&rsquo;hui avec du retard. Les collaborateurs de Veolia ne pourront finir leur tourn\u00e9e aujourd&rsquo;hui et termineront leur travail vendredi.","protected":false},"author":2,"featured_media":15156,"comment_status":"closed","ping_status":"closed","sticky":false,"template":"","format":"standard","meta":{"_acf_changed":false,"footnotes":""},"categories":[70],"tags":[],"class_list":["post-15155","post","type-post","status-publish","format-standard","has-post-thumbnail","hentry","category-actualite-dans-la-commune"],"acf":[],"_links":{"self":[{"href":"https:\/\/www.kelmis.be\/fr\/wp-json\/wp\/v2\/posts\/15155","targetHints":{"allow":["GET"]}}],"collection":[{"href":"https:\/\/www.kelmis.be\/fr\/wp-json\/wp\/v2\/posts"}],"about":[{"href":"https:\/\/www.kelmis.be\/fr\/wp-json\/wp\/v2\/types\/post"}],"author":[{"embeddable":true,"href":"https:\/\/www.kelmis.be\/fr\/wp-json\/wp\/v2\/users\/2"}],"replies":[{"embeddable":true,"href":"https:\/\/www.kelmis.be\/fr\/wp-json\/wp\/v2\/comments?post=15155"}],"version-history":[{"count":2,"href":"https:\/\/www.kelmis.be\/fr\/wp-json\/wp\/v2\/posts\/15155\/revisions"}],"predecessor-version":[{"id":15159,"href":"https:\/\/www.kelmis.be\/fr\/wp-json\/wp\/v2\/posts\/15155\/revisions\/15159"}],"wp:featuredmedia":[{"embeddable":true,"href":"https:\/\/www.kelmis.be\/fr\/wp-json\/wp\/v2\/media\/15156"}],"wp:attachment":[{"href":"https:\/\/www.kelmis.be\/fr\/wp-json\/wp\/v2\/media?parent=15155"}],"wp:term":[{"taxonomy":"category","embeddable":true,"href":"https:\/\/www.kelmis.be\/fr\/wp-json\/wp\/v2\/categories?post=15155"},{"taxonomy":"post_tag","embeddable":true,"href":"https:\/\/www.kelmis.be\/fr\/wp-json\/wp\/v2\/tags?post=15155"}],"curies":[{"name":"wp","href":"https:\/\/api.w.org\/{rel}","templated":true}]}}