{"id":15122,"date":"2024-12-10T15:15:43","date_gmt":"2024-12-10T14:15:43","guid":{"rendered":"https:\/\/www.kelmis.be\/?p=15122"},"modified":"2024-12-10T15:15:43","modified_gmt":"2024-12-10T14:15:43","slug":"rupture-de-canalisation-pres-du-action-travaux-a-partir-de-22-heures","status":"publish","type":"post","link":"https:\/\/www.kelmis.be\/fr\/actualite-dans-la-commune\/rupture-de-canalisation-pres-du-action-travaux-a-partir-de-22-heures","title":{"rendered":"Rupture de canalisation pr\u00e8s du \u00ab\u00a0Action\u00a0\u00bb : travaux \u00e0 partir de 22 heures"},"content":{"rendered":"<p>Le service Eau potable effectuera ce soir \u00e0 partir de 22 heures des travaux \u00e0 la rue de Li\u00e8ge, devant le magasin \u00ab\u00a0Action\u00a0\u00bb. Il s&rsquo;agit d&rsquo;une rupture de canalisation. Nos collaborateurs effectueront les travaux le soir afin de ne pas g\u00eaner la circulation. L&rsquo;approvisionnement en eau dans la rue entre Action et Hagenfeuer (c\u00f4t\u00e9 droit de la rue, en direction du centre du village), devra \u00eatre partiellement interrompu.<\/p>\n","protected":false},"excerpt":{"rendered":"Le service Eau potable effectuera ce soir \u00e0 partir de 22 heures des travaux \u00e0 la rue de Li\u00e8ge, devant le magasin \u00ab\u00a0Action\u00a0\u00bb. Il s&rsquo;agit d&rsquo;une rupture de canalisation. Nos collaborateurs effectueront les travaux le soir afin de ne pas g\u00eaner la circulation. L&rsquo;approvisionnement en eau dans la rue entre Action et Hagenfeuer (c\u00f4t\u00e9 droit [&hellip;]","protected":false},"author":2,"featured_media":15123,"comment_status":"closed","ping_status":"closed","sticky":false,"template":"","format":"standard","meta":{"_acf_changed":false,"footnotes":""},"categories":[70],"tags":[],"class_list":["post-15122","post","type-post","status-publish","format-standard","has-post-thumbnail","hentry","category-actualite-dans-la-commune"],"acf":[],"_links":{"self":[{"href":"https:\/\/www.kelmis.be\/fr\/wp-json\/wp\/v2\/posts\/15122","targetHints":{"allow":["GET"]}}],"collection":[{"href":"https:\/\/www.kelmis.be\/fr\/wp-json\/wp\/v2\/posts"}],"about":[{"href":"https:\/\/www.kelmis.be\/fr\/wp-json\/wp\/v2\/types\/post"}],"author":[{"embeddable":true,"href":"https:\/\/www.kelmis.be\/fr\/wp-json\/wp\/v2\/users\/2"}],"replies":[{"embeddable":true,"href":"https:\/\/www.kelmis.be\/fr\/wp-json\/wp\/v2\/comments?post=15122"}],"version-history":[{"count":1,"href":"https:\/\/www.kelmis.be\/fr\/wp-json\/wp\/v2\/posts\/15122\/revisions"}],"predecessor-version":[{"id":15124,"href":"https:\/\/www.kelmis.be\/fr\/wp-json\/wp\/v2\/posts\/15122\/revisions\/15124"}],"wp:featuredmedia":[{"embeddable":true,"href":"https:\/\/www.kelmis.be\/fr\/wp-json\/wp\/v2\/media\/15123"}],"wp:attachment":[{"href":"https:\/\/www.kelmis.be\/fr\/wp-json\/wp\/v2\/media?parent=15122"}],"wp:term":[{"taxonomy":"category","embeddable":true,"href":"https:\/\/www.kelmis.be\/fr\/wp-json\/wp\/v2\/categories?post=15122"},{"taxonomy":"post_tag","embeddable":true,"href":"https:\/\/www.kelmis.be\/fr\/wp-json\/wp\/v2\/tags?post=15122"}],"curies":[{"name":"wp","href":"https:\/\/api.w.org\/{rel}","templated":true}]}}