{"id":15108,"date":"2024-12-06T11:58:50","date_gmt":"2024-12-06T10:58:50","guid":{"rendered":"https:\/\/www.kelmis.be\/?p=15108"},"modified":"2024-12-06T11:58:50","modified_gmt":"2024-12-06T10:58:50","slug":"travaux-de-fibre-optique-dans-la-rue-dastenet-a-partir-de-lundi","status":"publish","type":"post","link":"https:\/\/www.kelmis.be\/fr\/circulation\/travaux-de-fibre-optique-dans-la-rue-dastenet-a-partir-de-lundi","title":{"rendered":"Travaux de fibre optique dans la rue d&rsquo;Astenet \u00e0 partir de lundi"},"content":{"rendered":"<p>Lundi prochain, l&rsquo;entreprise Glasfaser Ostbelgien effectuera des travaux dans la rue d&rsquo;Astenet. Les travaux, pr\u00e9vus pour une dur\u00e9e de deux semaines, se d\u00e9rouleront sur le c\u00f4t\u00e9 gauche de la rue en descendant vers Astenet. Des perturbations de la circulation ne sont pas exclues.<\/p>\n","protected":false},"excerpt":{"rendered":"Lundi prochain, l&rsquo;entreprise Glasfaser Ostbelgien effectuera des travaux dans la rue d&rsquo;Astenet. Les travaux, pr\u00e9vus pour une dur\u00e9e de deux semaines, se d\u00e9rouleront sur le c\u00f4t\u00e9 gauche de la rue en descendant vers Astenet. Des perturbations de la circulation ne sont pas exclues.","protected":false},"author":2,"featured_media":15109,"comment_status":"closed","ping_status":"closed","sticky":false,"template":"","format":"standard","meta":{"_acf_changed":false,"footnotes":""},"categories":[74],"tags":[],"class_list":["post-15108","post","type-post","status-publish","format-standard","has-post-thumbnail","hentry","category-circulation"],"acf":[],"_links":{"self":[{"href":"https:\/\/www.kelmis.be\/fr\/wp-json\/wp\/v2\/posts\/15108","targetHints":{"allow":["GET"]}}],"collection":[{"href":"https:\/\/www.kelmis.be\/fr\/wp-json\/wp\/v2\/posts"}],"about":[{"href":"https:\/\/www.kelmis.be\/fr\/wp-json\/wp\/v2\/types\/post"}],"author":[{"embeddable":true,"href":"https:\/\/www.kelmis.be\/fr\/wp-json\/wp\/v2\/users\/2"}],"replies":[{"embeddable":true,"href":"https:\/\/www.kelmis.be\/fr\/wp-json\/wp\/v2\/comments?post=15108"}],"version-history":[{"count":1,"href":"https:\/\/www.kelmis.be\/fr\/wp-json\/wp\/v2\/posts\/15108\/revisions"}],"predecessor-version":[{"id":15111,"href":"https:\/\/www.kelmis.be\/fr\/wp-json\/wp\/v2\/posts\/15108\/revisions\/15111"}],"wp:featuredmedia":[{"embeddable":true,"href":"https:\/\/www.kelmis.be\/fr\/wp-json\/wp\/v2\/media\/15109"}],"wp:attachment":[{"href":"https:\/\/www.kelmis.be\/fr\/wp-json\/wp\/v2\/media?parent=15108"}],"wp:term":[{"taxonomy":"category","embeddable":true,"href":"https:\/\/www.kelmis.be\/fr\/wp-json\/wp\/v2\/categories?post=15108"},{"taxonomy":"post_tag","embeddable":true,"href":"https:\/\/www.kelmis.be\/fr\/wp-json\/wp\/v2\/tags?post=15108"}],"curies":[{"name":"wp","href":"https:\/\/api.w.org\/{rel}","templated":true}]}}