{"id":15083,"date":"2024-12-03T14:37:11","date_gmt":"2024-12-03T13:37:11","guid":{"rendered":"https:\/\/www.kelmis.be\/?p=15083"},"modified":"2024-12-03T14:38:35","modified_gmt":"2024-12-03T13:38:35","slug":"cafe-de-lavent-ce-dimanche-au-park-hotel","status":"publish","type":"post","link":"https:\/\/www.kelmis.be\/fr\/evenement\/cafe-de-lavent-ce-dimanche-au-park-hotel","title":{"rendered":"Caf\u00e9 de l&rsquo;avent ce dimanche au Park Hotel"},"content":{"rendered":"<p>Le Conseil pour le vivre ensemble et le Conseil des seniors vous invitent dimanche prochain \u00e0 un caf\u00e9 de l&rsquo;Avent. De 14 \u00e0 16 heures, deux heures agr\u00e9ables seront pass\u00e9es ensemble au Park Hotel. Les inscriptions sont possibles au 0472\/22 50 09. Un service de transport est \u00e0 disposition.<\/p>\n","protected":false},"excerpt":{"rendered":"Le Conseil pour le vivre ensemble et le Conseil des seniors vous invitent dimanche prochain \u00e0 un caf\u00e9 de l&rsquo;Avent. De 14 \u00e0 16 heures, deux heures agr\u00e9ables seront pass\u00e9es ensemble au Park Hotel. Les inscriptions sont possibles au 0472\/22 50 09. Un service de transport est \u00e0 disposition.","protected":false},"author":2,"featured_media":15084,"comment_status":"closed","ping_status":"closed","sticky":false,"template":"","format":"standard","meta":{"_acf_changed":false,"footnotes":""},"categories":[73],"tags":[],"class_list":["post-15083","post","type-post","status-publish","format-standard","has-post-thumbnail","hentry","category-evenement"],"acf":[],"_links":{"self":[{"href":"https:\/\/www.kelmis.be\/fr\/wp-json\/wp\/v2\/posts\/15083","targetHints":{"allow":["GET"]}}],"collection":[{"href":"https:\/\/www.kelmis.be\/fr\/wp-json\/wp\/v2\/posts"}],"about":[{"href":"https:\/\/www.kelmis.be\/fr\/wp-json\/wp\/v2\/types\/post"}],"author":[{"embeddable":true,"href":"https:\/\/www.kelmis.be\/fr\/wp-json\/wp\/v2\/users\/2"}],"replies":[{"embeddable":true,"href":"https:\/\/www.kelmis.be\/fr\/wp-json\/wp\/v2\/comments?post=15083"}],"version-history":[{"count":1,"href":"https:\/\/www.kelmis.be\/fr\/wp-json\/wp\/v2\/posts\/15083\/revisions"}],"predecessor-version":[{"id":15085,"href":"https:\/\/www.kelmis.be\/fr\/wp-json\/wp\/v2\/posts\/15083\/revisions\/15085"}],"wp:featuredmedia":[{"embeddable":true,"href":"https:\/\/www.kelmis.be\/fr\/wp-json\/wp\/v2\/media\/15084"}],"wp:attachment":[{"href":"https:\/\/www.kelmis.be\/fr\/wp-json\/wp\/v2\/media?parent=15083"}],"wp:term":[{"taxonomy":"category","embeddable":true,"href":"https:\/\/www.kelmis.be\/fr\/wp-json\/wp\/v2\/categories?post=15083"},{"taxonomy":"post_tag","embeddable":true,"href":"https:\/\/www.kelmis.be\/fr\/wp-json\/wp\/v2\/tags?post=15083"}],"curies":[{"name":"wp","href":"https:\/\/api.w.org\/{rel}","templated":true}]}}