{"id":14938,"date":"2024-12-02T16:48:20","date_gmt":"2024-12-02T15:48:20","guid":{"rendered":"https:\/\/www.kelmis.be\/?p=14938"},"modified":"2024-12-02T16:52:32","modified_gmt":"2024-12-02T15:52:32","slug":"ce-soir-seance-dinstallation-de-notre-nouveau-conseil-communal","status":"publish","type":"post","link":"https:\/\/www.kelmis.be\/fr\/depuis-la-maison-communale\/ce-soir-seance-dinstallation-de-notre-nouveau-conseil-communal","title":{"rendered":"Ce soir, s\u00e9ance d&rsquo;installation de notre nouveau conseil communal"},"content":{"rendered":"<p>La s\u00e9ance d&rsquo;installation de notre nouveau conseil communal aura lieu ce soir \u00e0 20 heures au Patronage. Les points cinq et huit de l&rsquo;ordre du jour sont respectivement l&rsquo;installation et la prestation de serment des nouveaux membres du conseil communal et des nouveaux \u00e9chevins et \u00e9chevines. Le nouveau bourgmestre Daniel Hilligsmann pr\u00eatera serment le lendemain, avec tous les autres bourgmestres de la Communaut\u00e9 germanophone, devant le ministre-pr\u00e9sident de la Communaut\u00e9 germanophone, Oliver Paasch. La s\u00e9ance du conseil communal de ce soir sera retransmise en direct sur <strong><a href=\"https:\/\/youtube.com\/live\/E7Osydr31eE?feature=share\">notre cha\u00eene YouTube.<\/a><\/strong><\/p>\n","protected":false},"excerpt":{"rendered":"La s\u00e9ance d&rsquo;installation de notre nouveau conseil communal aura lieu ce soir \u00e0 20 heures au Patronage. Les points cinq et huit de l&rsquo;ordre du jour sont respectivement l&rsquo;installation et la prestation de serment des nouveaux membres du conseil communal et des nouveaux \u00e9chevins et \u00e9chevines. Le nouveau bourgmestre Daniel Hilligsmann pr\u00eatera serment le lendemain, [&hellip;]","protected":false},"author":2,"featured_media":14939,"comment_status":"closed","ping_status":"closed","sticky":false,"template":"","format":"standard","meta":{"_acf_changed":false,"footnotes":""},"categories":[71],"tags":[],"class_list":["post-14938","post","type-post","status-publish","format-standard","has-post-thumbnail","hentry","category-depuis-la-maison-communale"],"acf":[],"_links":{"self":[{"href":"https:\/\/www.kelmis.be\/fr\/wp-json\/wp\/v2\/posts\/14938","targetHints":{"allow":["GET"]}}],"collection":[{"href":"https:\/\/www.kelmis.be\/fr\/wp-json\/wp\/v2\/posts"}],"about":[{"href":"https:\/\/www.kelmis.be\/fr\/wp-json\/wp\/v2\/types\/post"}],"author":[{"embeddable":true,"href":"https:\/\/www.kelmis.be\/fr\/wp-json\/wp\/v2\/users\/2"}],"replies":[{"embeddable":true,"href":"https:\/\/www.kelmis.be\/fr\/wp-json\/wp\/v2\/comments?post=14938"}],"version-history":[{"count":2,"href":"https:\/\/www.kelmis.be\/fr\/wp-json\/wp\/v2\/posts\/14938\/revisions"}],"predecessor-version":[{"id":14941,"href":"https:\/\/www.kelmis.be\/fr\/wp-json\/wp\/v2\/posts\/14938\/revisions\/14941"}],"wp:featuredmedia":[{"embeddable":true,"href":"https:\/\/www.kelmis.be\/fr\/wp-json\/wp\/v2\/media\/14939"}],"wp:attachment":[{"href":"https:\/\/www.kelmis.be\/fr\/wp-json\/wp\/v2\/media?parent=14938"}],"wp:term":[{"taxonomy":"category","embeddable":true,"href":"https:\/\/www.kelmis.be\/fr\/wp-json\/wp\/v2\/categories?post=14938"},{"taxonomy":"post_tag","embeddable":true,"href":"https:\/\/www.kelmis.be\/fr\/wp-json\/wp\/v2\/tags?post=14938"}],"curies":[{"name":"wp","href":"https:\/\/api.w.org\/{rel}","templated":true}]}}