{"id":14907,"date":"2024-11-25T13:49:07","date_gmt":"2024-11-25T12:49:07","guid":{"rendered":"https:\/\/www.kelmis.be\/?p=14907"},"modified":"2024-11-25T13:49:07","modified_gmt":"2024-11-25T12:49:07","slug":"protection-de-leau-enquete-publique","status":"publish","type":"post","link":"https:\/\/www.kelmis.be\/fr\/depuis-la-maison-communale\/protection-de-leau-enquete-publique","title":{"rendered":"Protection de l&rsquo;eau: enqu\u00eate publique"},"content":{"rendered":"<p>Le Coll\u00e8ge Communal informe la population que dans le cadre de l&rsquo;article D.26 du livre II du Code de l&rsquo;Environnement, contenant le Code de l&rsquo;Eau, la Wallonie soumettra \u00e0 enqu\u00eate publique les propositions de calendrier et de programme de travail ainsi que les enjeux majeurs (\u00ab questions importantes \u00bb en mati\u00e8re de gestion de l&rsquo;eau) \u00e0 prendre en consid\u00e9ration pour l&rsquo;\u00e9laboration du quatri\u00e8me cycle de plans de gestion par district hydrographique (2028-2033).<\/p>\n","protected":false},"excerpt":{"rendered":"Le Coll\u00e8ge Communal informe la population que dans le cadre de l&rsquo;article D.26 du livre II du Code de l&rsquo;Environnement, contenant le Code de l&rsquo;Eau, la Wallonie soumettra \u00e0 enqu\u00eate publique les propositions de calendrier et de programme de travail ainsi que les enjeux majeurs (\u00ab questions importantes \u00bb en mati\u00e8re de gestion de l&rsquo;eau) [&hellip;]","protected":false},"author":2,"featured_media":14909,"comment_status":"closed","ping_status":"closed","sticky":false,"template":"","format":"standard","meta":{"_acf_changed":false,"footnotes":""},"categories":[71],"tags":[],"class_list":["post-14907","post","type-post","status-publish","format-standard","has-post-thumbnail","hentry","category-depuis-la-maison-communale"],"acf":[],"_links":{"self":[{"href":"https:\/\/www.kelmis.be\/fr\/wp-json\/wp\/v2\/posts\/14907","targetHints":{"allow":["GET"]}}],"collection":[{"href":"https:\/\/www.kelmis.be\/fr\/wp-json\/wp\/v2\/posts"}],"about":[{"href":"https:\/\/www.kelmis.be\/fr\/wp-json\/wp\/v2\/types\/post"}],"author":[{"embeddable":true,"href":"https:\/\/www.kelmis.be\/fr\/wp-json\/wp\/v2\/users\/2"}],"replies":[{"embeddable":true,"href":"https:\/\/www.kelmis.be\/fr\/wp-json\/wp\/v2\/comments?post=14907"}],"version-history":[{"count":1,"href":"https:\/\/www.kelmis.be\/fr\/wp-json\/wp\/v2\/posts\/14907\/revisions"}],"predecessor-version":[{"id":14910,"href":"https:\/\/www.kelmis.be\/fr\/wp-json\/wp\/v2\/posts\/14907\/revisions\/14910"}],"wp:featuredmedia":[{"embeddable":true,"href":"https:\/\/www.kelmis.be\/fr\/wp-json\/wp\/v2\/media\/14909"}],"wp:attachment":[{"href":"https:\/\/www.kelmis.be\/fr\/wp-json\/wp\/v2\/media?parent=14907"}],"wp:term":[{"taxonomy":"category","embeddable":true,"href":"https:\/\/www.kelmis.be\/fr\/wp-json\/wp\/v2\/categories?post=14907"},{"taxonomy":"post_tag","embeddable":true,"href":"https:\/\/www.kelmis.be\/fr\/wp-json\/wp\/v2\/tags?post=14907"}],"curies":[{"name":"wp","href":"https:\/\/api.w.org\/{rel}","templated":true}]}}