{"id":14891,"date":"2024-11-21T17:08:52","date_gmt":"2024-11-21T16:08:52","guid":{"rendered":"https:\/\/www.kelmis.be\/?p=14891"},"modified":"2024-11-21T17:08:52","modified_gmt":"2024-11-21T16:08:52","slug":"sapin-de-noel-installe-sur-la-place-de-leglise-2","status":"publish","type":"post","link":"https:\/\/www.kelmis.be\/fr\/actualite-dans-la-commune\/sapin-de-noel-installe-sur-la-place-de-leglise-2","title":{"rendered":"Sapin de No\u00ebl install\u00e9 sur la place de l&rsquo;\u00c9glise"},"content":{"rendered":"<p>Le sapin de No\u00ebl a \u00e9t\u00e9 install\u00e9 cet apr\u00e8s-midi sur la place de l&rsquo;\u00c9glise. Il mesure 14 m\u00e8tres et sera d\u00e9cor\u00e9 la semaine prochaine. Merci \u00e0 nos collaborateurs du d\u00e9p\u00f4t communal.<\/p>\n","protected":false},"excerpt":{"rendered":"Le sapin de No\u00ebl a \u00e9t\u00e9 install\u00e9 cet apr\u00e8s-midi sur la place de l&rsquo;\u00c9glise. Il mesure 14 m\u00e8tres et sera d\u00e9cor\u00e9 la semaine prochaine. Merci \u00e0 nos collaborateurs du d\u00e9p\u00f4t communal.","protected":false},"author":2,"featured_media":14892,"comment_status":"closed","ping_status":"closed","sticky":false,"template":"","format":"standard","meta":{"_acf_changed":false,"footnotes":""},"categories":[70],"tags":[],"class_list":["post-14891","post","type-post","status-publish","format-standard","has-post-thumbnail","hentry","category-actualite-dans-la-commune"],"acf":[],"_links":{"self":[{"href":"https:\/\/www.kelmis.be\/fr\/wp-json\/wp\/v2\/posts\/14891","targetHints":{"allow":["GET"]}}],"collection":[{"href":"https:\/\/www.kelmis.be\/fr\/wp-json\/wp\/v2\/posts"}],"about":[{"href":"https:\/\/www.kelmis.be\/fr\/wp-json\/wp\/v2\/types\/post"}],"author":[{"embeddable":true,"href":"https:\/\/www.kelmis.be\/fr\/wp-json\/wp\/v2\/users\/2"}],"replies":[{"embeddable":true,"href":"https:\/\/www.kelmis.be\/fr\/wp-json\/wp\/v2\/comments?post=14891"}],"version-history":[{"count":1,"href":"https:\/\/www.kelmis.be\/fr\/wp-json\/wp\/v2\/posts\/14891\/revisions"}],"predecessor-version":[{"id":14893,"href":"https:\/\/www.kelmis.be\/fr\/wp-json\/wp\/v2\/posts\/14891\/revisions\/14893"}],"wp:featuredmedia":[{"embeddable":true,"href":"https:\/\/www.kelmis.be\/fr\/wp-json\/wp\/v2\/media\/14892"}],"wp:attachment":[{"href":"https:\/\/www.kelmis.be\/fr\/wp-json\/wp\/v2\/media?parent=14891"}],"wp:term":[{"taxonomy":"category","embeddable":true,"href":"https:\/\/www.kelmis.be\/fr\/wp-json\/wp\/v2\/categories?post=14891"},{"taxonomy":"post_tag","embeddable":true,"href":"https:\/\/www.kelmis.be\/fr\/wp-json\/wp\/v2\/tags?post=14891"}],"curies":[{"name":"wp","href":"https:\/\/api.w.org\/{rel}","templated":true}]}}