{"id":14810,"date":"2024-11-07T11:59:07","date_gmt":"2024-11-07T10:59:07","guid":{"rendered":"https:\/\/www.kelmis.be\/?p=14810"},"modified":"2024-11-07T11:59:07","modified_gmt":"2024-11-07T10:59:07","slug":"jours-feries-nos-services-sont-fermes-le-11-et-15-novembre","status":"publish","type":"post","link":"https:\/\/www.kelmis.be\/fr\/depuis-la-maison-communale\/jours-feries-nos-services-sont-fermes-le-11-et-15-novembre","title":{"rendered":"Jours f\u00e9ri\u00e9s : nos services sont ferm\u00e9s le 11 et 15 novembre"},"content":{"rendered":"<p>Le lundi 11 novembre est le jour f\u00e9ri\u00e9 de l&rsquo;armistice. Ce jour-l\u00e0, nos services seront ferm\u00e9s. Nous serons de nouveau \u00e0 votre disposition le mardi 12 novembre.<\/p>\n<p>Veuillez prendre note : Le vendredi 15 novembre sera c\u00e9l\u00e9br\u00e9e la journ\u00e9e de la Communaut\u00e9 germanophone. Nos services seront alors ferm\u00e9s. Le 18 novembre, notre personnel sera \u00e0 nouveau \u00e0 votre disposition.<\/p>\n","protected":false},"excerpt":{"rendered":"Le lundi 11 novembre est le jour f\u00e9ri\u00e9 de l&rsquo;armistice. Ce jour-l\u00e0, nos services seront ferm\u00e9s. Nous serons de nouveau \u00e0 votre disposition le mardi 12 novembre. Veuillez prendre note : Le vendredi 15 novembre sera c\u00e9l\u00e9br\u00e9e la journ\u00e9e de la Communaut\u00e9 germanophone. Nos services seront alors ferm\u00e9s. Le 18 novembre, notre personnel sera \u00e0 [&hellip;]","protected":false},"author":2,"featured_media":14811,"comment_status":"closed","ping_status":"closed","sticky":false,"template":"","format":"standard","meta":{"_acf_changed":false,"footnotes":""},"categories":[71],"tags":[],"class_list":["post-14810","post","type-post","status-publish","format-standard","has-post-thumbnail","hentry","category-depuis-la-maison-communale"],"acf":[],"_links":{"self":[{"href":"https:\/\/www.kelmis.be\/fr\/wp-json\/wp\/v2\/posts\/14810","targetHints":{"allow":["GET"]}}],"collection":[{"href":"https:\/\/www.kelmis.be\/fr\/wp-json\/wp\/v2\/posts"}],"about":[{"href":"https:\/\/www.kelmis.be\/fr\/wp-json\/wp\/v2\/types\/post"}],"author":[{"embeddable":true,"href":"https:\/\/www.kelmis.be\/fr\/wp-json\/wp\/v2\/users\/2"}],"replies":[{"embeddable":true,"href":"https:\/\/www.kelmis.be\/fr\/wp-json\/wp\/v2\/comments?post=14810"}],"version-history":[{"count":1,"href":"https:\/\/www.kelmis.be\/fr\/wp-json\/wp\/v2\/posts\/14810\/revisions"}],"predecessor-version":[{"id":14812,"href":"https:\/\/www.kelmis.be\/fr\/wp-json\/wp\/v2\/posts\/14810\/revisions\/14812"}],"wp:featuredmedia":[{"embeddable":true,"href":"https:\/\/www.kelmis.be\/fr\/wp-json\/wp\/v2\/media\/14811"}],"wp:attachment":[{"href":"https:\/\/www.kelmis.be\/fr\/wp-json\/wp\/v2\/media?parent=14810"}],"wp:term":[{"taxonomy":"category","embeddable":true,"href":"https:\/\/www.kelmis.be\/fr\/wp-json\/wp\/v2\/categories?post=14810"},{"taxonomy":"post_tag","embeddable":true,"href":"https:\/\/www.kelmis.be\/fr\/wp-json\/wp\/v2\/tags?post=14810"}],"curies":[{"name":"wp","href":"https:\/\/api.w.org\/{rel}","templated":true}]}}