{"id":14745,"date":"2024-10-30T20:42:41","date_gmt":"2024-10-30T19:42:41","guid":{"rendered":"https:\/\/www.kelmis.be\/?p=14745"},"modified":"2024-10-30T20:42:41","modified_gmt":"2024-10-30T19:42:41","slug":"nos-services-sont-fermes-le-jour-de-la-toussaint-ce-vendredi","status":"publish","type":"post","link":"https:\/\/www.kelmis.be\/fr\/depuis-la-maison-communale\/nos-services-sont-fermes-le-jour-de-la-toussaint-ce-vendredi","title":{"rendered":"Nos services sont ferm\u00e9s le jour de la Toussaint ce vendredi"},"content":{"rendered":"<p>Le 1er novembre, c\u00a0\u00bbest le jour de la Toussaint. Nos services sont ferm\u00e9s ce vendredi. Nous sommes \u00e0 nouveau \u00e0 votre service le lundi, 4 novembre.<\/p>\n","protected":false},"excerpt":{"rendered":"Le 1er novembre, c\u00a0\u00bbest le jour de la Toussaint. Nos services sont ferm\u00e9s ce vendredi. Nous sommes \u00e0 nouveau \u00e0 votre service le lundi, 4 novembre.","protected":false},"author":2,"featured_media":14746,"comment_status":"closed","ping_status":"closed","sticky":false,"template":"","format":"standard","meta":{"_acf_changed":false,"footnotes":""},"categories":[71],"tags":[],"class_list":["post-14745","post","type-post","status-publish","format-standard","has-post-thumbnail","hentry","category-depuis-la-maison-communale"],"acf":[],"_links":{"self":[{"href":"https:\/\/www.kelmis.be\/fr\/wp-json\/wp\/v2\/posts\/14745","targetHints":{"allow":["GET"]}}],"collection":[{"href":"https:\/\/www.kelmis.be\/fr\/wp-json\/wp\/v2\/posts"}],"about":[{"href":"https:\/\/www.kelmis.be\/fr\/wp-json\/wp\/v2\/types\/post"}],"author":[{"embeddable":true,"href":"https:\/\/www.kelmis.be\/fr\/wp-json\/wp\/v2\/users\/2"}],"replies":[{"embeddable":true,"href":"https:\/\/www.kelmis.be\/fr\/wp-json\/wp\/v2\/comments?post=14745"}],"version-history":[{"count":1,"href":"https:\/\/www.kelmis.be\/fr\/wp-json\/wp\/v2\/posts\/14745\/revisions"}],"predecessor-version":[{"id":14747,"href":"https:\/\/www.kelmis.be\/fr\/wp-json\/wp\/v2\/posts\/14745\/revisions\/14747"}],"wp:featuredmedia":[{"embeddable":true,"href":"https:\/\/www.kelmis.be\/fr\/wp-json\/wp\/v2\/media\/14746"}],"wp:attachment":[{"href":"https:\/\/www.kelmis.be\/fr\/wp-json\/wp\/v2\/media?parent=14745"}],"wp:term":[{"taxonomy":"category","embeddable":true,"href":"https:\/\/www.kelmis.be\/fr\/wp-json\/wp\/v2\/categories?post=14745"},{"taxonomy":"post_tag","embeddable":true,"href":"https:\/\/www.kelmis.be\/fr\/wp-json\/wp\/v2\/tags?post=14745"}],"curies":[{"name":"wp","href":"https:\/\/api.w.org\/{rel}","templated":true}]}}