{"id":14738,"date":"2024-10-28T13:01:43","date_gmt":"2024-10-28T12:01:43","guid":{"rendered":"https:\/\/www.kelmis.be\/?p=14738"},"modified":"2024-10-28T13:12:06","modified_gmt":"2024-10-28T12:12:06","slug":"reunion-du-conseil-communal-ce-soir-a-20-heures-2","status":"publish","type":"post","link":"https:\/\/www.kelmis.be\/fr\/depuis-la-maison-communale\/reunion-du-conseil-communal-ce-soir-a-20-heures-2","title":{"rendered":"R\u00e9union du conseil communal ce soir \u00e0 20 heures"},"content":{"rendered":"<p>Ce soir, \u00e0 20 heures, se tient le conseil communal. 20 points sont \u00e0 l&rsquo;ordre du jour. La s\u00e9ance a lieu dans la salle de s\u00e9ance de la maison communale. L&rsquo;ordre du jour (en allemand) peut \u00eatre consult\u00e9 dans la zone de t\u00e9l\u00e9chargement. La r\u00e9union est retransmise en direct sur <strong><a href=\"https:\/\/youtube.com\/live\/jFtypWHZTAo?feature=share\">notre cha\u00eene YouTube<\/a><\/strong>.<\/p>\n","protected":false},"excerpt":{"rendered":"Ce soir, \u00e0 20 heures, se tient le conseil communal. 20 points sont \u00e0 l&rsquo;ordre du jour. La s\u00e9ance a lieu dans la salle de s\u00e9ance de la maison communale. L&rsquo;ordre du jour (en allemand) peut \u00eatre consult\u00e9 dans la zone de t\u00e9l\u00e9chargement. La r\u00e9union est retransmise en direct sur notre cha\u00eene YouTube.","protected":false},"author":2,"featured_media":11267,"comment_status":"closed","ping_status":"closed","sticky":false,"template":"","format":"standard","meta":{"_acf_changed":false,"footnotes":""},"categories":[71],"tags":[],"class_list":["post-14738","post","type-post","status-publish","format-standard","has-post-thumbnail","hentry","category-depuis-la-maison-communale"],"acf":[],"_links":{"self":[{"href":"https:\/\/www.kelmis.be\/fr\/wp-json\/wp\/v2\/posts\/14738","targetHints":{"allow":["GET"]}}],"collection":[{"href":"https:\/\/www.kelmis.be\/fr\/wp-json\/wp\/v2\/posts"}],"about":[{"href":"https:\/\/www.kelmis.be\/fr\/wp-json\/wp\/v2\/types\/post"}],"author":[{"embeddable":true,"href":"https:\/\/www.kelmis.be\/fr\/wp-json\/wp\/v2\/users\/2"}],"replies":[{"embeddable":true,"href":"https:\/\/www.kelmis.be\/fr\/wp-json\/wp\/v2\/comments?post=14738"}],"version-history":[{"count":2,"href":"https:\/\/www.kelmis.be\/fr\/wp-json\/wp\/v2\/posts\/14738\/revisions"}],"predecessor-version":[{"id":14741,"href":"https:\/\/www.kelmis.be\/fr\/wp-json\/wp\/v2\/posts\/14738\/revisions\/14741"}],"wp:featuredmedia":[{"embeddable":true,"href":"https:\/\/www.kelmis.be\/fr\/wp-json\/wp\/v2\/media\/11267"}],"wp:attachment":[{"href":"https:\/\/www.kelmis.be\/fr\/wp-json\/wp\/v2\/media?parent=14738"}],"wp:term":[{"taxonomy":"category","embeddable":true,"href":"https:\/\/www.kelmis.be\/fr\/wp-json\/wp\/v2\/categories?post=14738"},{"taxonomy":"post_tag","embeddable":true,"href":"https:\/\/www.kelmis.be\/fr\/wp-json\/wp\/v2\/tags?post=14738"}],"curies":[{"name":"wp","href":"https:\/\/api.w.org\/{rel}","templated":true}]}}