{"id":14721,"date":"2024-10-24T14:18:24","date_gmt":"2024-10-24T12:18:24","guid":{"rendered":"https:\/\/www.kelmis.be\/?p=14721"},"modified":"2024-10-24T14:42:51","modified_gmt":"2024-10-24T12:42:51","slug":"participez-a-la-construction-du-reseau-cyclable-wallon-de-2040","status":"publish","type":"post","link":"https:\/\/www.kelmis.be\/fr\/depuis-la-maison-communale\/participez-a-la-construction-du-reseau-cyclable-wallon-de-2040","title":{"rendered":"Participez \u00e0 la construction du r\u00e9seau cyclable wallon de 2040"},"content":{"rendered":"<p>La R\u00e9gion wallonne souhaite faire du v\u00e9lo un moyen de d\u00e9placement au quotidien. D&rsquo;ici 2040, un r\u00e9seau cyclable (\u00e0 ne pas confondre avec le syst\u00e8me points-n\u0153uds) doit \u00eatre mis en place de mani\u00e8re \u00e0 ce que le v\u00e9lo devienne une alternative s\u00e9rieuse \u00e0 la voiture. Notre commune collabore activement \u00e0 ce projet depuis un an.<\/p>\n<p>La prochaine \u00e9tape consiste maintenant \u00e0 impliquer la population. Trois ateliers sont pr\u00e9vus dans l&rsquo;arrondissement de Verviers afin de pr\u00e9senter le projet plus en d\u00e9tail : le 4 novembre \u00e0 B\u00fctgenbach (avec traduction en allemand), le 5 novembre \u00e0 Verviers et le 7 novembre \u00e0 Malmedy &#8211; \u00e0 chaque fois de 19 \u00e0 21 heures. Inscriptions jusqu&rsquo;au 28 octobre via <strong><a href=\"https:\/\/mobilite.wallonie.be\/news\/participez-a-la-construction-du-reseau-cyclable-wallon-de-2040-sur-lar\">ce lien<\/a><\/strong>.<\/p>\n<p>Jusqu&rsquo;\u00e0 50 personnes peuvent participer \u00e0 chaque atelier.<\/p>\n<p>Parall\u00e8lement, une enqu\u00eate en ligne aupr\u00e8s des citoyens se d\u00e9roulera du 30 octobre au 30 novembre. Le lien vers le sondage en ligne se trouve <strong><a href=\"https:\/\/parti-cip.be\/fr-BE\/folders\/reseau-cyclable-structurant-arrondissement-de-verviers\">ici<\/a><\/strong>.<\/p>\n<p>Apr\u00e8s l&rsquo;enqu\u00eate et les ateliers, des groupes de travail analyseront les conclusions et feront avancer le projet.<\/p>\n<p>Pour toute question : nrochet@espace-environnement.be<\/p>\n<p>&nbsp;<\/p>\n","protected":false},"excerpt":{"rendered":"La R\u00e9gion wallonne souhaite faire du v\u00e9lo un moyen de d\u00e9placement au quotidien. D&rsquo;ici 2040, un r\u00e9seau cyclable (\u00e0 ne pas confondre avec le syst\u00e8me points-n\u0153uds) doit \u00eatre mis en place de mani\u00e8re \u00e0 ce que le v\u00e9lo devienne une alternative s\u00e9rieuse \u00e0 la voiture. Notre commune collabore activement \u00e0 ce projet depuis un an. [&hellip;]","protected":false},"author":2,"featured_media":14722,"comment_status":"closed","ping_status":"closed","sticky":false,"template":"","format":"standard","meta":{"_acf_changed":false,"footnotes":""},"categories":[71],"tags":[],"class_list":["post-14721","post","type-post","status-publish","format-standard","has-post-thumbnail","hentry","category-depuis-la-maison-communale"],"acf":[],"_links":{"self":[{"href":"https:\/\/www.kelmis.be\/fr\/wp-json\/wp\/v2\/posts\/14721","targetHints":{"allow":["GET"]}}],"collection":[{"href":"https:\/\/www.kelmis.be\/fr\/wp-json\/wp\/v2\/posts"}],"about":[{"href":"https:\/\/www.kelmis.be\/fr\/wp-json\/wp\/v2\/types\/post"}],"author":[{"embeddable":true,"href":"https:\/\/www.kelmis.be\/fr\/wp-json\/wp\/v2\/users\/2"}],"replies":[{"embeddable":true,"href":"https:\/\/www.kelmis.be\/fr\/wp-json\/wp\/v2\/comments?post=14721"}],"version-history":[{"count":1,"href":"https:\/\/www.kelmis.be\/fr\/wp-json\/wp\/v2\/posts\/14721\/revisions"}],"predecessor-version":[{"id":14723,"href":"https:\/\/www.kelmis.be\/fr\/wp-json\/wp\/v2\/posts\/14721\/revisions\/14723"}],"wp:featuredmedia":[{"embeddable":true,"href":"https:\/\/www.kelmis.be\/fr\/wp-json\/wp\/v2\/media\/14722"}],"wp:attachment":[{"href":"https:\/\/www.kelmis.be\/fr\/wp-json\/wp\/v2\/media?parent=14721"}],"wp:term":[{"taxonomy":"category","embeddable":true,"href":"https:\/\/www.kelmis.be\/fr\/wp-json\/wp\/v2\/categories?post=14721"},{"taxonomy":"post_tag","embeddable":true,"href":"https:\/\/www.kelmis.be\/fr\/wp-json\/wp\/v2\/tags?post=14721"}],"curies":[{"name":"wp","href":"https:\/\/api.w.org\/{rel}","templated":true}]}}