{"id":14709,"date":"2024-10-17T13:44:29","date_gmt":"2024-10-17T11:44:29","guid":{"rendered":"https:\/\/www.kelmis.be\/?p=14709"},"modified":"2024-10-17T13:44:29","modified_gmt":"2024-10-17T11:44:29","slug":"le-role-de-la-piste-cyclable-suggeree-dans-la-rue-altenberg","status":"publish","type":"post","link":"https:\/\/www.kelmis.be\/fr\/depuis-la-maison-communale\/le-role-de-la-piste-cyclable-suggeree-dans-la-rue-altenberg","title":{"rendered":"Le r\u00f4le de la \u00ab piste cyclable sugg\u00e9r\u00e9e \u00bb dans la rue Altenberg"},"content":{"rendered":"<p>Dans le cadre du projet \u00ab Wallonie Cyclable \u00bb financ\u00e9 par la R\u00e9gion wallonne, une piste cyclable de couleur ocre a \u00e9t\u00e9 install\u00e9e dans la rue Altenberg et la rue Max. Cette piste est ce que l&rsquo;on appelle une \u00ab piste cyclable sugg\u00e9r\u00e9e \u00bb. Ce terme d\u00e9signe un rev\u00eatement de chauss\u00e9e ou un marquage diff\u00e9rent qui transmet deux messages principaux : D&rsquo;une part, la \u00ab piste cyclable sugg\u00e9r\u00e9e \u00bb indique au cycliste quelle est la meilleure position \u00e0 adopter sur la chauss\u00e9e ; d&rsquo;autre part, elle attire l&rsquo;attention des autres usagers de la route sur la pr\u00e9sence \u00e9ventuelle de cyclistes et contribue \u00e0 r\u00e9duire la vitesse dans ces zones. Pr\u00e9cision importante : la piste cyclable n&rsquo;a pas de statut juridique dans le code de la route. Elle fait donc partie de la route et peut \u00eatre emprunt\u00e9e par des v\u00e9hicules motoris\u00e9s.<\/p>\n","protected":false},"excerpt":{"rendered":"Dans le cadre du projet \u00ab Wallonie Cyclable \u00bb financ\u00e9 par la R\u00e9gion wallonne, une piste cyclable de couleur ocre a \u00e9t\u00e9 install\u00e9e dans la rue Altenberg et la rue Max. Cette piste est ce que l&rsquo;on appelle une \u00ab piste cyclable sugg\u00e9r\u00e9e \u00bb. Ce terme d\u00e9signe un rev\u00eatement de chauss\u00e9e ou un marquage diff\u00e9rent [&hellip;]","protected":false},"author":2,"featured_media":14710,"comment_status":"closed","ping_status":"closed","sticky":false,"template":"","format":"standard","meta":{"_acf_changed":false,"footnotes":""},"categories":[71],"tags":[],"class_list":["post-14709","post","type-post","status-publish","format-standard","has-post-thumbnail","hentry","category-depuis-la-maison-communale"],"acf":[],"_links":{"self":[{"href":"https:\/\/www.kelmis.be\/fr\/wp-json\/wp\/v2\/posts\/14709","targetHints":{"allow":["GET"]}}],"collection":[{"href":"https:\/\/www.kelmis.be\/fr\/wp-json\/wp\/v2\/posts"}],"about":[{"href":"https:\/\/www.kelmis.be\/fr\/wp-json\/wp\/v2\/types\/post"}],"author":[{"embeddable":true,"href":"https:\/\/www.kelmis.be\/fr\/wp-json\/wp\/v2\/users\/2"}],"replies":[{"embeddable":true,"href":"https:\/\/www.kelmis.be\/fr\/wp-json\/wp\/v2\/comments?post=14709"}],"version-history":[{"count":1,"href":"https:\/\/www.kelmis.be\/fr\/wp-json\/wp\/v2\/posts\/14709\/revisions"}],"predecessor-version":[{"id":14711,"href":"https:\/\/www.kelmis.be\/fr\/wp-json\/wp\/v2\/posts\/14709\/revisions\/14711"}],"wp:featuredmedia":[{"embeddable":true,"href":"https:\/\/www.kelmis.be\/fr\/wp-json\/wp\/v2\/media\/14710"}],"wp:attachment":[{"href":"https:\/\/www.kelmis.be\/fr\/wp-json\/wp\/v2\/media?parent=14709"}],"wp:term":[{"taxonomy":"category","embeddable":true,"href":"https:\/\/www.kelmis.be\/fr\/wp-json\/wp\/v2\/categories?post=14709"},{"taxonomy":"post_tag","embeddable":true,"href":"https:\/\/www.kelmis.be\/fr\/wp-json\/wp\/v2\/tags?post=14709"}],"curies":[{"name":"wp","href":"https:\/\/api.w.org\/{rel}","templated":true}]}}