{"id":14703,"date":"2024-10-16T11:43:13","date_gmt":"2024-10-16T09:43:13","guid":{"rendered":"https:\/\/www.kelmis.be\/?p=14703"},"modified":"2024-10-16T11:43:13","modified_gmt":"2024-10-16T09:43:13","slug":"peste-porcine-africaine-detectee-chez-des-sangliers","status":"publish","type":"post","link":"https:\/\/www.kelmis.be\/fr\/depuis-la-maison-communale\/peste-porcine-africaine-detectee-chez-des-sangliers","title":{"rendered":"Peste porcine africaine d\u00e9tect\u00e9e chez des sangliers"},"content":{"rendered":"<p>Attention : la peste porcine africaine a \u00e9t\u00e9 d\u00e9tect\u00e9e chez des sangliers \u00e0 proximit\u00e9 de la fronti\u00e8re belgo-allemande. Pour \u00e9viter que le virus ne se propage, la prudence est de mise. Pour savoir ce qu&rsquo;il faut faire, consultez le d\u00e9pliant dans la zone de t\u00e9l\u00e9chargement.<\/p>\n","protected":false},"excerpt":{"rendered":"Attention : la peste porcine africaine a \u00e9t\u00e9 d\u00e9tect\u00e9e chez des sangliers \u00e0 proximit\u00e9 de la fronti\u00e8re belgo-allemande. Pour \u00e9viter que le virus ne se propage, la prudence est de mise. Pour savoir ce qu&rsquo;il faut faire, consultez le d\u00e9pliant dans la zone de t\u00e9l\u00e9chargement.","protected":false},"author":2,"featured_media":14704,"comment_status":"closed","ping_status":"closed","sticky":false,"template":"","format":"standard","meta":{"_acf_changed":false,"footnotes":""},"categories":[71],"tags":[],"class_list":["post-14703","post","type-post","status-publish","format-standard","has-post-thumbnail","hentry","category-depuis-la-maison-communale"],"acf":[],"_links":{"self":[{"href":"https:\/\/www.kelmis.be\/fr\/wp-json\/wp\/v2\/posts\/14703","targetHints":{"allow":["GET"]}}],"collection":[{"href":"https:\/\/www.kelmis.be\/fr\/wp-json\/wp\/v2\/posts"}],"about":[{"href":"https:\/\/www.kelmis.be\/fr\/wp-json\/wp\/v2\/types\/post"}],"author":[{"embeddable":true,"href":"https:\/\/www.kelmis.be\/fr\/wp-json\/wp\/v2\/users\/2"}],"replies":[{"embeddable":true,"href":"https:\/\/www.kelmis.be\/fr\/wp-json\/wp\/v2\/comments?post=14703"}],"version-history":[{"count":1,"href":"https:\/\/www.kelmis.be\/fr\/wp-json\/wp\/v2\/posts\/14703\/revisions"}],"predecessor-version":[{"id":14705,"href":"https:\/\/www.kelmis.be\/fr\/wp-json\/wp\/v2\/posts\/14703\/revisions\/14705"}],"wp:featuredmedia":[{"embeddable":true,"href":"https:\/\/www.kelmis.be\/fr\/wp-json\/wp\/v2\/media\/14704"}],"wp:attachment":[{"href":"https:\/\/www.kelmis.be\/fr\/wp-json\/wp\/v2\/media?parent=14703"}],"wp:term":[{"taxonomy":"category","embeddable":true,"href":"https:\/\/www.kelmis.be\/fr\/wp-json\/wp\/v2\/categories?post=14703"},{"taxonomy":"post_tag","embeddable":true,"href":"https:\/\/www.kelmis.be\/fr\/wp-json\/wp\/v2\/tags?post=14703"}],"curies":[{"name":"wp","href":"https:\/\/api.w.org\/{rel}","templated":true}]}}